{"id":2921,"date":"2021-08-31T13:10:25","date_gmt":"2021-08-31T11:10:25","guid":{"rendered":"https:\/\/talentinpeople.com\/talent-in-training-programme-de-developpement-de-competences-transversales-pour-lensemble-dune-organisation\/"},"modified":"2021-08-31T13:11:44","modified_gmt":"2021-08-31T11:11:44","slug":"talent-in-training-programme-de-developpement-de-competences-transversales-pour-lensemble-dune-organisation","status":"publish","type":"post","link":"https:\/\/talentinpeople.com\/fr\/talent-in-training-programme-de-developpement-de-competences-transversales-pour-lensemble-dune-organisation\/","title":{"rendered":"Talent in training: Programme de d\u00e9veloppement de comp\u00e9tences transversales pour l&rsquo;ensemble d&rsquo;une organisation"},"content":{"rendered":"\t\t<div data-elementor-type=\"wp-post\" data-elementor-id=\"2921\" class=\"elementor elementor-2921 elementor-1595\" data-elementor-settings=\"{&quot;element_pack_global_tooltip_width&quot;:{&quot;unit&quot;:&quot;px&quot;,&quot;size&quot;:&quot;&quot;,&quot;sizes&quot;:[]},&quot;element_pack_global_tooltip_width_tablet&quot;:{&quot;unit&quot;:&quot;px&quot;,&quot;size&quot;:&quot;&quot;,&quot;sizes&quot;:[]},&quot;element_pack_global_tooltip_width_mobile&quot;:{&quot;unit&quot;:&quot;px&quot;,&quot;size&quot;:&quot;&quot;,&quot;sizes&quot;:[]},&quot;element_pack_global_tooltip_padding&quot;:{&quot;unit&quot;:&quot;px&quot;,&quot;top&quot;:&quot;&quot;,&quot;right&quot;:&quot;&quot;,&quot;bottom&quot;:&quot;&quot;,&quot;left&quot;:&quot;&quot;,&quot;isLinked&quot;:true},&quot;element_pack_global_tooltip_padding_tablet&quot;:{&quot;unit&quot;:&quot;px&quot;,&quot;top&quot;:&quot;&quot;,&quot;right&quot;:&quot;&quot;,&quot;bottom&quot;:&quot;&quot;,&quot;left&quot;:&quot;&quot;,&quot;isLinked&quot;:true},&quot;element_pack_global_tooltip_padding_mobile&quot;:{&quot;unit&quot;:&quot;px&quot;,&quot;top&quot;:&quot;&quot;,&quot;right&quot;:&quot;&quot;,&quot;bottom&quot;:&quot;&quot;,&quot;left&quot;:&quot;&quot;,&quot;isLinked&quot;:true},&quot;element_pack_global_tooltip_border_radius&quot;:{&quot;unit&quot;:&quot;px&quot;,&quot;top&quot;:&quot;&quot;,&quot;right&quot;:&quot;&quot;,&quot;bottom&quot;:&quot;&quot;,&quot;left&quot;:&quot;&quot;,&quot;isLinked&quot;:true},&quot;element_pack_global_tooltip_border_radius_tablet&quot;:{&quot;unit&quot;:&quot;px&quot;,&quot;top&quot;:&quot;&quot;,&quot;right&quot;:&quot;&quot;,&quot;bottom&quot;:&quot;&quot;,&quot;left&quot;:&quot;&quot;,&quot;isLinked&quot;:true},&quot;element_pack_global_tooltip_border_radius_mobile&quot;:{&quot;unit&quot;:&quot;px&quot;,&quot;top&quot;:&quot;&quot;,&quot;right&quot;:&quot;&quot;,&quot;bottom&quot;:&quot;&quot;,&quot;left&quot;:&quot;&quot;,&quot;isLinked&quot;:true}}\" data-elementor-post-type=\"post\">\n\t\t\t\t\t\t<section class=\"elementor-section elementor-top-section elementor-element elementor-element-9452f1a elementor-section-boxed elementor-section-height-default elementor-section-height-default\" data-id=\"9452f1a\" data-element_type=\"section\" data-e-type=\"section\">\n\t\t\t\t\t\t<div class=\"elementor-container elementor-column-gap-default\">\n\t\t\t\t\t<div class=\"elementor-column elementor-col-100 elementor-top-column elementor-element elementor-element-2a0a7abc\" data-id=\"2a0a7abc\" data-element_type=\"column\" data-e-type=\"column\">\n\t\t\t<div class=\"elementor-widget-wrap elementor-element-populated\">\n\t\t\t\t\t\t<div class=\"elementor-element elementor-element-7056604b elementor-widget elementor-widget-text-editor\" data-id=\"7056604b\" data-element_type=\"widget\" data-e-type=\"widget\" data-widget_type=\"text-editor.default\">\n\t\t\t\t<div class=\"elementor-widget-container\">\n\t\t\t\t\t\t\t\t\t<p><strong>Voici un exemple de programme de formation s&rsquo;adressant \u00e0 un collectif important (plus de 500 personnes d&rsquo;une multinationale) afin de d\u00e9velopper et de renforcer diff\u00e9rentes comp\u00e9tences visant \u00e0 am\u00e9liorer les relations et l&rsquo;efficacit\u00e9 des personnes et des \u00e9quipes de l&rsquo;organisation.<\/strong><\/p><p><strong>ENTREPRISE :<\/strong>\u00a0multinationale du secteur de l&rsquo;ing\u00e9nierie industrielle, disposant de plusieurs centres de fabrication en Espagne.<\/p><p><strong>DESCRIPTION :<\/strong>\u00a0conception, d\u00e9veloppement et r\u00e9alisation d&rsquo;itin\u00e9raires de formation centr\u00e9s sur le d\u00e9veloppement de comp\u00e9tences et d&rsquo;aptitudes dans toute l&rsquo;organisation.<\/p><p><strong>PUBLIC CIBLE :<\/strong>\u00a0environ 500 personnes, principalement des cadres moyens et des techniciens de l&rsquo;organisation.<\/p><p><strong>POINT DE D\u00c9PART\/BESOIN<\/strong><\/p><p>Programme annuel de d\u00e9veloppement des aptitudes en lien, d&rsquo;une part avec les principales valeurs de la compagnie, et, d&rsquo;autre part, avec une s\u00e9rie de 10 comp\u00e9tences transversales \u00e0 transmettre au sein du collectif de managers, de cadres moyens, de techniciens et de sp\u00e9cialistes.<\/p><p><strong>M\u00c9THODOLOGIE<\/strong><\/p><ul><li>Conception de tous les parcours d&rsquo;apprentissage.<\/li><li>Format <em>blended<\/em> des parcours, avec :<ul><li>Questionnaires et activit\u00e9s pr\u00e9alables \u00e0 distance.<\/li><li>Atelier en pr\u00e9sentiel.<\/li><li>Activit\u00e9s de mise en pratique sur le lieu de travail.<\/li><li>Entretiens de suivi des plans d&rsquo;action individuels.<\/li><\/ul><\/li><li>Application dans tous les ateliers de m\u00e9thodologie exp\u00e9rientielle afin de faciliter la mise en pratique des aptitudes cibl\u00e9es par les programmes.<\/li><\/ul><p><strong>\u00a0<\/strong><strong>D\u00c9VELOPPEMENT<\/strong><\/p><ul><li>Questionnaire prework afin d&rsquo;aider les participants \u00e0 r\u00e9fl\u00e9chir sur les aspects cl\u00e9s de leur activit\u00e9 concernant une comp\u00e9tence, ainsi qu&rsquo;une activit\u00e9 pr\u00e9alable (tels que la lecture d\u2019un article).<\/li><li>Ateliers durant 1 jour et demi ou 2 jours pour chaque comp\u00e9tence, avec l&rsquo;utilisation de m\u00e9thodologies d&rsquo;apprentissage exp\u00e9rientiel (dynamiques de groupe indoor et outdoor, gamification, techniques d&rsquo;entra\u00eenement th\u00e9\u00e2tral ou de simulations de cas selon les programmes).<\/li><li>\u00c9laboration d&rsquo;un plan d&rsquo;action individuel afin de transposer les apprentissages au poste de travail.<\/li><li>Activit\u00e9 post\u00e9rieure \u00ab\u00a0on-the-job\u00a0\u00bb afin de mettre en pratique certains des aspects travaill\u00e9s au cours de l&rsquo;atelier.<\/li><li>Session individuelle de suivi par appel t\u00e9l\u00e9phonique, afin de r\u00e9viser le plan d&rsquo;action (en traitant aussi bien les r\u00e9alisations que les freins et les difficult\u00e9s rencontr\u00e9es), dissiper les doutes et apporter un feedback sur les activit\u00e9s prework et postwork.<\/li><\/ul><p><strong>\u00a0<\/strong><strong>\u00c9VALUATION ET R\u00c9SULTATS<\/strong><\/p><p>Programme ambitieux qui conna\u00eet un succ\u00e8s sur le long terme, et int\u00e9grant :<\/p><ul><li>Un d\u00e9veloppement destin\u00e9 \u00e0 un collectif large (jusqu&rsquo;\u00e0 pr\u00e9sent, plus de 500 participants sont pass\u00e9s par, au moins, un itin\u00e9raire).<\/li><li>Un suivi individualis\u00e9 des participants.<\/li><li>Le d\u00e9veloppement, dans toute l&rsquo;organisation, de bonnes pratiques bas\u00e9es sur les enseignements des programmes.<\/li><\/ul>\t\t\t\t\t\t\t\t<\/div>\n\t\t\t\t<\/div>\n\t\t\t\t<div class=\"elementor-element elementor-element-2e8c894 elementor-widget elementor-widget-text-editor\" data-id=\"2e8c894\" data-element_type=\"widget\" data-e-type=\"widget\" data-widget_type=\"text-editor.default\">\n\t\t\t\t<div class=\"elementor-widget-container\">\n\t\t\t\t\t\t\t\t\t<p>Partager sur les r\u00e9seaux sociaux:<\/p>\t\t\t\t\t\t\t\t<\/div>\n\t\t\t\t<\/div>\n\t\t\t\t<div class=\"elementor-element elementor-element-31760c2 elementor-share-buttons--view-icon elementor-share-buttons--skin-minimal elementor-share-buttons--shape-circle elementor-grid-0 elementor-share-buttons--color-official elementor-widget elementor-widget-share-buttons\" data-id=\"31760c2\" data-element_type=\"widget\" data-e-type=\"widget\" data-widget_type=\"share-buttons.default\">\n\t\t\t\t<div class=\"elementor-widget-container\">\n\t\t\t\t\t\t\t<div class=\"elementor-grid\" role=\"list\">\n\t\t\t\t\t\t\t\t<div class=\"elementor-grid-item\" role=\"listitem\">\n\t\t\t\t\t\t<div class=\"elementor-share-btn elementor-share-btn_facebook\" role=\"button\" tabindex=\"0\" aria-label=\"Share on facebook\">\n\t\t\t\t\t\t\t\t\t\t\t\t\t\t\t<span class=\"elementor-share-btn__icon\">\n\t\t\t\t\t\t\t\t<i class=\"fab fa-facebook\" aria-hidden=\"true\"><\/i>\t\t\t\t\t\t\t<\/span>\n\t\t\t\t\t\t\t\t\t\t\t\t\t\t\t\t\t\t\t\t<\/div>\n\t\t\t\t\t<\/div>\n\t\t\t\t\t\t\t\t\t<div class=\"elementor-grid-item\" role=\"listitem\">\n\t\t\t\t\t\t<div class=\"elementor-share-btn elementor-share-btn_twitter\" role=\"button\" tabindex=\"0\" aria-label=\"Share on twitter\">\n\t\t\t\t\t\t\t\t\t\t\t\t\t\t\t<span class=\"elementor-share-btn__icon\">\n\t\t\t\t\t\t\t\t<i class=\"fab fa-twitter\" aria-hidden=\"true\"><\/i>\t\t\t\t\t\t\t<\/span>\n\t\t\t\t\t\t\t\t\t\t\t\t\t\t\t\t\t\t\t\t<\/div>\n\t\t\t\t\t<\/div>\n\t\t\t\t\t\t\t\t\t<div class=\"elementor-grid-item\" role=\"listitem\">\n\t\t\t\t\t\t<div class=\"elementor-share-btn elementor-share-btn_linkedin\" role=\"button\" tabindex=\"0\" aria-label=\"Share on linkedin\">\n\t\t\t\t\t\t\t\t\t\t\t\t\t\t\t<span class=\"elementor-share-btn__icon\">\n\t\t\t\t\t\t\t\t<i class=\"fab fa-linkedin\" aria-hidden=\"true\"><\/i>\t\t\t\t\t\t\t<\/span>\n\t\t\t\t\t\t\t\t\t\t\t\t\t\t\t\t\t\t\t\t<\/div>\n\t\t\t\t\t<\/div>\n\t\t\t\t\t\t\t\t\t<div class=\"elementor-grid-item\" role=\"listitem\">\n\t\t\t\t\t\t<div class=\"elementor-share-btn elementor-share-btn_whatsapp\" role=\"button\" tabindex=\"0\" aria-label=\"Share on whatsapp\">\n\t\t\t\t\t\t\t\t\t\t\t\t\t\t\t<span class=\"elementor-share-btn__icon\">\n\t\t\t\t\t\t\t\t<i class=\"fab fa-whatsapp\" aria-hidden=\"true\"><\/i>\t\t\t\t\t\t\t<\/span>\n\t\t\t\t\t\t\t\t\t\t\t\t\t\t\t\t\t\t\t\t<\/div>\n\t\t\t\t\t<\/div>\n\t\t\t\t\t\t\t\t\t<div class=\"elementor-grid-item\" role=\"listitem\">\n\t\t\t\t\t\t<div class=\"elementor-share-btn elementor-share-btn_email\" role=\"button\" tabindex=\"0\" aria-label=\"Share on email\">\n\t\t\t\t\t\t\t\t\t\t\t\t\t\t\t<span class=\"elementor-share-btn__icon\">\n\t\t\t\t\t\t\t\t<i class=\"fas fa-envelope\" aria-hidden=\"true\"><\/i>\t\t\t\t\t\t\t<\/span>\n\t\t\t\t\t\t\t\t\t\t\t\t\t\t\t\t\t\t\t\t<\/div>\n\t\t\t\t\t<\/div>\n\t\t\t\t\t\t<\/div>\n\t\t\t\t\t\t<\/div>\n\t\t\t\t<\/div>\n\t\t\t\t\t<\/div>\n\t\t<\/div>\n\t\t\t\t\t<\/div>\n\t\t<\/section>\n\t\t\t\t<\/div>\n\t\t","protected":false},"excerpt":{"rendered":"<p>Voici un exemple de programme de formation s&rsquo;adressant \u00e0 un collectif important (plus de 500 personnes d&rsquo;une multinationale) afin de d\u00e9velopper et de renforcer diff\u00e9rentes comp\u00e9tences visant \u00e0 am\u00e9liorer les relations et l&rsquo;efficacit\u00e9 des personnes et des \u00e9quipes de l&rsquo;organisation. ENTREPRISE :\u00a0multinationale du secteur de l&rsquo;ing\u00e9nierie industrielle, disposant de plusieurs centres de fabrication en Espagne&#8230;.<\/p>\n","protected":false},"author":2,"featured_media":2436,"comment_status":"open","ping_status":"open","sticky":false,"template":"","format":"standard","meta":{"footnotes":""},"categories":[99],"tags":[],"class_list":["post-2921","post","type-post","status-publish","format-standard","has-post-thumbnail","hentry","category-exemples-de-reussite"],"yoast_head":"<!-- This site is optimized with the Yoast SEO Premium plugin v26.9 (Yoast SEO v27.0) - https:\/\/yoast.com\/product\/yoast-seo-premium-wordpress\/ -->\n<title>Talent in training: Programme de d\u00e9veloppement de comp\u00e9tences transversales pour l&#039;ensemble d&#039;une organisation | Talent In People<\/title>\n<meta name=\"robots\" content=\"index, follow, max-snippet:-1, max-image-preview:large, max-video-preview:-1\" \/>\n<link rel=\"canonical\" href=\"https:\/\/talentinpeople.com\/talent-in-training-programa-de-desarrollo-de-competencias-transversales-para-el-conjunto-de-una-organizacion\/\" \/>\n<meta property=\"og:locale\" content=\"fr_FR\" \/>\n<meta property=\"og:type\" content=\"article\" \/>\n<meta property=\"og:title\" content=\"Talent in training: Programme de d\u00e9veloppement de comp\u00e9tences transversales pour l&#039;ensemble d&#039;une organisation\" \/>\n<meta property=\"og:description\" content=\"Voici un exemple de programme de formation s&rsquo;adressant \u00e0 un collectif important (plus de 500 personnes d&rsquo;une multinationale) afin de d\u00e9velopper et de renforcer diff\u00e9rentes comp\u00e9tences visant \u00e0 am\u00e9liorer les relations et l&rsquo;efficacit\u00e9 des personnes et des \u00e9quipes de l&rsquo;organisation. ENTREPRISE :\u00a0multinationale du secteur de l&rsquo;ing\u00e9nierie industrielle, disposant de plusieurs centres de fabrication en Espagne....\" \/>\n<meta property=\"og:url\" content=\"https:\/\/talentinpeople.com\/talent-in-training-programa-de-desarrollo-de-competencias-transversales-para-el-conjunto-de-una-organizacion\/\" \/>\n<meta property=\"og:site_name\" content=\"Talent In People\" \/>\n<meta property=\"article:published_time\" content=\"2021-08-31T11:10:25+00:00\" \/>\n<meta property=\"article:modified_time\" content=\"2021-08-31T11:11:44+00:00\" \/>\n<meta property=\"og:image\" content=\"https:\/\/talentinpeople.com\/wp-content\/uploads\/2021\/05\/Talent-in-Training-Caso-de-exito-scaled.jpg\" \/>\n\t<meta property=\"og:image:width\" content=\"2560\" \/>\n\t<meta property=\"og:image:height\" content=\"877\" \/>\n\t<meta property=\"og:image:type\" content=\"image\/jpeg\" \/>\n<meta name=\"author\" content=\"delefant\" \/>\n<meta name=\"twitter:card\" content=\"summary_large_image\" \/>\n<meta name=\"twitter:label1\" content=\"\u00c9crit par\" \/>\n\t<meta name=\"twitter:data1\" content=\"delefant\" \/>\n\t<meta name=\"twitter:label2\" content=\"Dur\u00e9e de lecture estim\u00e9e\" \/>\n\t<meta name=\"twitter:data2\" content=\"2 minutes\" \/>\n<script type=\"application\/ld+json\" class=\"yoast-schema-graph\">{\"@context\":\"https:\/\/schema.org\",\"@graph\":[{\"@type\":\"Article\",\"@id\":\"https:\/\/talentinpeople.com\/talent-in-training-programa-de-desarrollo-de-competencias-transversales-para-el-conjunto-de-una-organizacion\/#article\",\"isPartOf\":{\"@id\":\"https:\/\/talentinpeople.com\/talent-in-training-programa-de-desarrollo-de-competencias-transversales-para-el-conjunto-de-una-organizacion\/\"},\"author\":{\"name\":\"delefant\",\"@id\":\"https:\/\/talentinpeople.com\/#\/schema\/person\/bf3d69623f435a470d4c00a1b1d8781b\"},\"headline\":\"Talent in training: Programme de d\u00e9veloppement de comp\u00e9tences transversales pour l&rsquo;ensemble d&rsquo;une organisation\",\"datePublished\":\"2021-08-31T11:10:25+00:00\",\"dateModified\":\"2021-08-31T11:11:44+00:00\",\"mainEntityOfPage\":{\"@id\":\"https:\/\/talentinpeople.com\/talent-in-training-programa-de-desarrollo-de-competencias-transversales-para-el-conjunto-de-una-organizacion\/\"},\"wordCount\":486,\"commentCount\":0,\"image\":{\"@id\":\"https:\/\/talentinpeople.com\/talent-in-training-programa-de-desarrollo-de-competencias-transversales-para-el-conjunto-de-una-organizacion\/#primaryimage\"},\"thumbnailUrl\":\"https:\/\/talentinpeople.com\/wp-content\/uploads\/2021\/05\/Talent-in-Training-Caso-de-exito-scaled.jpg\",\"articleSection\":[\"Exemples de r\u00e9ussite\"],\"inLanguage\":\"fr-FR\",\"potentialAction\":[{\"@type\":\"CommentAction\",\"name\":\"Comment\",\"target\":[\"https:\/\/talentinpeople.com\/talent-in-training-programa-de-desarrollo-de-competencias-transversales-para-el-conjunto-de-una-organizacion\/#respond\"]}]},{\"@type\":\"WebPage\",\"@id\":\"https:\/\/talentinpeople.com\/talent-in-training-programa-de-desarrollo-de-competencias-transversales-para-el-conjunto-de-una-organizacion\/\",\"url\":\"https:\/\/talentinpeople.com\/talent-in-training-programa-de-desarrollo-de-competencias-transversales-para-el-conjunto-de-una-organizacion\/\",\"name\":\"Talent in training: Programme de d\u00e9veloppement de comp\u00e9tences transversales pour l'ensemble d'une organisation | Talent In People\",\"isPartOf\":{\"@id\":\"https:\/\/talentinpeople.com\/#website\"},\"primaryImageOfPage\":{\"@id\":\"https:\/\/talentinpeople.com\/talent-in-training-programa-de-desarrollo-de-competencias-transversales-para-el-conjunto-de-una-organizacion\/#primaryimage\"},\"image\":{\"@id\":\"https:\/\/talentinpeople.com\/talent-in-training-programa-de-desarrollo-de-competencias-transversales-para-el-conjunto-de-una-organizacion\/#primaryimage\"},\"thumbnailUrl\":\"https:\/\/talentinpeople.com\/wp-content\/uploads\/2021\/05\/Talent-in-Training-Caso-de-exito-scaled.jpg\",\"datePublished\":\"2021-08-31T11:10:25+00:00\",\"dateModified\":\"2021-08-31T11:11:44+00:00\",\"author\":{\"@id\":\"https:\/\/talentinpeople.com\/#\/schema\/person\/bf3d69623f435a470d4c00a1b1d8781b\"},\"breadcrumb\":{\"@id\":\"https:\/\/talentinpeople.com\/talent-in-training-programa-de-desarrollo-de-competencias-transversales-para-el-conjunto-de-una-organizacion\/#breadcrumb\"},\"inLanguage\":\"fr-FR\",\"potentialAction\":[{\"@type\":\"ReadAction\",\"target\":[\"https:\/\/talentinpeople.com\/talent-in-training-programa-de-desarrollo-de-competencias-transversales-para-el-conjunto-de-una-organizacion\/\"]}]},{\"@type\":\"ImageObject\",\"inLanguage\":\"fr-FR\",\"@id\":\"https:\/\/talentinpeople.com\/talent-in-training-programa-de-desarrollo-de-competencias-transversales-para-el-conjunto-de-una-organizacion\/#primaryimage\",\"url\":\"https:\/\/talentinpeople.com\/wp-content\/uploads\/2021\/05\/Talent-in-Training-Caso-de-exito-scaled.jpg\",\"contentUrl\":\"https:\/\/talentinpeople.com\/wp-content\/uploads\/2021\/05\/Talent-in-Training-Caso-de-exito-scaled.jpg\",\"width\":2560,\"height\":877},{\"@type\":\"BreadcrumbList\",\"@id\":\"https:\/\/talentinpeople.com\/talent-in-training-programa-de-desarrollo-de-competencias-transversales-para-el-conjunto-de-una-organizacion\/#breadcrumb\",\"itemListElement\":[{\"@type\":\"ListItem\",\"position\":1,\"name\":\"Home\",\"item\":\"https:\/\/talentinpeople.com\/fr\/\"},{\"@type\":\"ListItem\",\"position\":2,\"name\":\"Talent in training: Programme de d\u00e9veloppement de comp\u00e9tences transversales pour l&#8217;ensemble d&#8217;une organisation\"}]},{\"@type\":\"WebSite\",\"@id\":\"https:\/\/talentinpeople.com\/#website\",\"url\":\"https:\/\/talentinpeople.com\/\",\"name\":\"Talent In People\",\"description\":\"Es tu momento, consigue objetivos.\",\"potentialAction\":[{\"@type\":\"SearchAction\",\"target\":{\"@type\":\"EntryPoint\",\"urlTemplate\":\"https:\/\/talentinpeople.com\/?s={search_term_string}\"},\"query-input\":{\"@type\":\"PropertyValueSpecification\",\"valueRequired\":true,\"valueName\":\"search_term_string\"}}],\"inLanguage\":\"fr-FR\"},{\"@type\":\"Person\",\"@id\":\"https:\/\/talentinpeople.com\/#\/schema\/person\/bf3d69623f435a470d4c00a1b1d8781b\",\"name\":\"delefant\",\"image\":{\"@type\":\"ImageObject\",\"inLanguage\":\"fr-FR\",\"@id\":\"https:\/\/talentinpeople.com\/#\/schema\/person\/image\/\",\"url\":\"https:\/\/secure.gravatar.com\/avatar\/58fffb6552534b913aa6c715b8b44b6c4c5215057772e066f63173492f8b09f9?s=96&d=mm&r=g\",\"contentUrl\":\"https:\/\/secure.gravatar.com\/avatar\/58fffb6552534b913aa6c715b8b44b6c4c5215057772e066f63173492f8b09f9?s=96&d=mm&r=g\",\"caption\":\"delefant\"},\"url\":\"https:\/\/talentinpeople.com\/fr\/author\/delefant\/\"}]}<\/script>\n<!-- \/ Yoast SEO Premium plugin. -->","yoast_head_json":{"title":"Talent in training: Programme de d\u00e9veloppement de comp\u00e9tences transversales pour l'ensemble d'une organisation | Talent In People","robots":{"index":"index","follow":"follow","max-snippet":"max-snippet:-1","max-image-preview":"max-image-preview:large","max-video-preview":"max-video-preview:-1"},"canonical":"https:\/\/talentinpeople.com\/talent-in-training-programa-de-desarrollo-de-competencias-transversales-para-el-conjunto-de-una-organizacion\/","og_locale":"fr_FR","og_type":"article","og_title":"Talent in training: Programme de d\u00e9veloppement de comp\u00e9tences transversales pour l'ensemble d'une organisation","og_description":"Voici un exemple de programme de formation s&rsquo;adressant \u00e0 un collectif important (plus de 500 personnes d&rsquo;une multinationale) afin de d\u00e9velopper et de renforcer diff\u00e9rentes comp\u00e9tences visant \u00e0 am\u00e9liorer les relations et l&rsquo;efficacit\u00e9 des personnes et des \u00e9quipes de l&rsquo;organisation. ENTREPRISE :\u00a0multinationale du secteur de l&rsquo;ing\u00e9nierie industrielle, disposant de plusieurs centres de fabrication en Espagne....","og_url":"https:\/\/talentinpeople.com\/talent-in-training-programa-de-desarrollo-de-competencias-transversales-para-el-conjunto-de-una-organizacion\/","og_site_name":"Talent In People","article_published_time":"2021-08-31T11:10:25+00:00","article_modified_time":"2021-08-31T11:11:44+00:00","og_image":[{"width":2560,"height":877,"url":"https:\/\/talentinpeople.com\/wp-content\/uploads\/2021\/05\/Talent-in-Training-Caso-de-exito-scaled.jpg","type":"image\/jpeg"}],"author":"delefant","twitter_card":"summary_large_image","twitter_misc":{"\u00c9crit par":"delefant","Dur\u00e9e de lecture estim\u00e9e":"2 minutes"},"schema":{"@context":"https:\/\/schema.org","@graph":[{"@type":"Article","@id":"https:\/\/talentinpeople.com\/talent-in-training-programa-de-desarrollo-de-competencias-transversales-para-el-conjunto-de-una-organizacion\/#article","isPartOf":{"@id":"https:\/\/talentinpeople.com\/talent-in-training-programa-de-desarrollo-de-competencias-transversales-para-el-conjunto-de-una-organizacion\/"},"author":{"name":"delefant","@id":"https:\/\/talentinpeople.com\/#\/schema\/person\/bf3d69623f435a470d4c00a1b1d8781b"},"headline":"Talent in training: Programme de d\u00e9veloppement de comp\u00e9tences transversales pour l&rsquo;ensemble d&rsquo;une organisation","datePublished":"2021-08-31T11:10:25+00:00","dateModified":"2021-08-31T11:11:44+00:00","mainEntityOfPage":{"@id":"https:\/\/talentinpeople.com\/talent-in-training-programa-de-desarrollo-de-competencias-transversales-para-el-conjunto-de-una-organizacion\/"},"wordCount":486,"commentCount":0,"image":{"@id":"https:\/\/talentinpeople.com\/talent-in-training-programa-de-desarrollo-de-competencias-transversales-para-el-conjunto-de-una-organizacion\/#primaryimage"},"thumbnailUrl":"https:\/\/talentinpeople.com\/wp-content\/uploads\/2021\/05\/Talent-in-Training-Caso-de-exito-scaled.jpg","articleSection":["Exemples de r\u00e9ussite"],"inLanguage":"fr-FR","potentialAction":[{"@type":"CommentAction","name":"Comment","target":["https:\/\/talentinpeople.com\/talent-in-training-programa-de-desarrollo-de-competencias-transversales-para-el-conjunto-de-una-organizacion\/#respond"]}]},{"@type":"WebPage","@id":"https:\/\/talentinpeople.com\/talent-in-training-programa-de-desarrollo-de-competencias-transversales-para-el-conjunto-de-una-organizacion\/","url":"https:\/\/talentinpeople.com\/talent-in-training-programa-de-desarrollo-de-competencias-transversales-para-el-conjunto-de-una-organizacion\/","name":"Talent in training: Programme de d\u00e9veloppement de comp\u00e9tences transversales pour l'ensemble d'une organisation | Talent In People","isPartOf":{"@id":"https:\/\/talentinpeople.com\/#website"},"primaryImageOfPage":{"@id":"https:\/\/talentinpeople.com\/talent-in-training-programa-de-desarrollo-de-competencias-transversales-para-el-conjunto-de-una-organizacion\/#primaryimage"},"image":{"@id":"https:\/\/talentinpeople.com\/talent-in-training-programa-de-desarrollo-de-competencias-transversales-para-el-conjunto-de-una-organizacion\/#primaryimage"},"thumbnailUrl":"https:\/\/talentinpeople.com\/wp-content\/uploads\/2021\/05\/Talent-in-Training-Caso-de-exito-scaled.jpg","datePublished":"2021-08-31T11:10:25+00:00","dateModified":"2021-08-31T11:11:44+00:00","author":{"@id":"https:\/\/talentinpeople.com\/#\/schema\/person\/bf3d69623f435a470d4c00a1b1d8781b"},"breadcrumb":{"@id":"https:\/\/talentinpeople.com\/talent-in-training-programa-de-desarrollo-de-competencias-transversales-para-el-conjunto-de-una-organizacion\/#breadcrumb"},"inLanguage":"fr-FR","potentialAction":[{"@type":"ReadAction","target":["https:\/\/talentinpeople.com\/talent-in-training-programa-de-desarrollo-de-competencias-transversales-para-el-conjunto-de-una-organizacion\/"]}]},{"@type":"ImageObject","inLanguage":"fr-FR","@id":"https:\/\/talentinpeople.com\/talent-in-training-programa-de-desarrollo-de-competencias-transversales-para-el-conjunto-de-una-organizacion\/#primaryimage","url":"https:\/\/talentinpeople.com\/wp-content\/uploads\/2021\/05\/Talent-in-Training-Caso-de-exito-scaled.jpg","contentUrl":"https:\/\/talentinpeople.com\/wp-content\/uploads\/2021\/05\/Talent-in-Training-Caso-de-exito-scaled.jpg","width":2560,"height":877},{"@type":"BreadcrumbList","@id":"https:\/\/talentinpeople.com\/talent-in-training-programa-de-desarrollo-de-competencias-transversales-para-el-conjunto-de-una-organizacion\/#breadcrumb","itemListElement":[{"@type":"ListItem","position":1,"name":"Home","item":"https:\/\/talentinpeople.com\/fr\/"},{"@type":"ListItem","position":2,"name":"Talent in training: Programme de d\u00e9veloppement de comp\u00e9tences transversales pour l&#8217;ensemble d&#8217;une organisation"}]},{"@type":"WebSite","@id":"https:\/\/talentinpeople.com\/#website","url":"https:\/\/talentinpeople.com\/","name":"Talent In People","description":"Es tu momento, consigue objetivos.","potentialAction":[{"@type":"SearchAction","target":{"@type":"EntryPoint","urlTemplate":"https:\/\/talentinpeople.com\/?s={search_term_string}"},"query-input":{"@type":"PropertyValueSpecification","valueRequired":true,"valueName":"search_term_string"}}],"inLanguage":"fr-FR"},{"@type":"Person","@id":"https:\/\/talentinpeople.com\/#\/schema\/person\/bf3d69623f435a470d4c00a1b1d8781b","name":"delefant","image":{"@type":"ImageObject","inLanguage":"fr-FR","@id":"https:\/\/talentinpeople.com\/#\/schema\/person\/image\/","url":"https:\/\/secure.gravatar.com\/avatar\/58fffb6552534b913aa6c715b8b44b6c4c5215057772e066f63173492f8b09f9?s=96&d=mm&r=g","contentUrl":"https:\/\/secure.gravatar.com\/avatar\/58fffb6552534b913aa6c715b8b44b6c4c5215057772e066f63173492f8b09f9?s=96&d=mm&r=g","caption":"delefant"},"url":"https:\/\/talentinpeople.com\/fr\/author\/delefant\/"}]}},"_links":{"self":[{"href":"https:\/\/talentinpeople.com\/fr\/wp-json\/wp\/v2\/posts\/2921","targetHints":{"allow":["GET"]}}],"collection":[{"href":"https:\/\/talentinpeople.com\/fr\/wp-json\/wp\/v2\/posts"}],"about":[{"href":"https:\/\/talentinpeople.com\/fr\/wp-json\/wp\/v2\/types\/post"}],"author":[{"embeddable":true,"href":"https:\/\/talentinpeople.com\/fr\/wp-json\/wp\/v2\/users\/2"}],"replies":[{"embeddable":true,"href":"https:\/\/talentinpeople.com\/fr\/wp-json\/wp\/v2\/comments?post=2921"}],"version-history":[{"count":7,"href":"https:\/\/talentinpeople.com\/fr\/wp-json\/wp\/v2\/posts\/2921\/revisions"}],"predecessor-version":[{"id":2928,"href":"https:\/\/talentinpeople.com\/fr\/wp-json\/wp\/v2\/posts\/2921\/revisions\/2928"}],"wp:featuredmedia":[{"embeddable":true,"href":"https:\/\/talentinpeople.com\/fr\/wp-json\/wp\/v2\/media\/2436"}],"wp:attachment":[{"href":"https:\/\/talentinpeople.com\/fr\/wp-json\/wp\/v2\/media?parent=2921"}],"wp:term":[{"taxonomy":"category","embeddable":true,"href":"https:\/\/talentinpeople.com\/fr\/wp-json\/wp\/v2\/categories?post=2921"},{"taxonomy":"post_tag","embeddable":true,"href":"https:\/\/talentinpeople.com\/fr\/wp-json\/wp\/v2\/tags?post=2921"}],"curies":[{"name":"wp","href":"https:\/\/api.w.org\/{rel}","templated":true}]}}