{"id":2939,"date":"2021-08-31T19:23:41","date_gmt":"2021-08-31T17:23:41","guid":{"rendered":"https:\/\/talentinpeople.com\/talent-in-motivation-conseil-et-amelioration-du-climat-dune-equipe-de-travail-immergee-dans-un-processus-de-changement\/"},"modified":"2021-08-31T19:26:43","modified_gmt":"2021-08-31T17:26:43","slug":"talent-in-motivation-conseil-et-amelioration-du-climat-dune-equipe-de-travail-immergee-dans-un-processus-de-changement","status":"publish","type":"post","link":"https:\/\/talentinpeople.com\/fr\/talent-in-motivation-conseil-et-amelioration-du-climat-dune-equipe-de-travail-immergee-dans-un-processus-de-changement\/","title":{"rendered":"Talent in motivation: Conseil et am\u00e9lioration du climat d&rsquo;une \u00e9quipe de travail immerg\u00e9e dans un processus de changement."},"content":{"rendered":"\t\t<div data-elementor-type=\"wp-post\" data-elementor-id=\"2939\" class=\"elementor elementor-2939 elementor-2202\" data-elementor-settings=\"{&quot;element_pack_global_tooltip_width&quot;:{&quot;unit&quot;:&quot;px&quot;,&quot;size&quot;:&quot;&quot;,&quot;sizes&quot;:[]},&quot;element_pack_global_tooltip_width_tablet&quot;:{&quot;unit&quot;:&quot;px&quot;,&quot;size&quot;:&quot;&quot;,&quot;sizes&quot;:[]},&quot;element_pack_global_tooltip_width_mobile&quot;:{&quot;unit&quot;:&quot;px&quot;,&quot;size&quot;:&quot;&quot;,&quot;sizes&quot;:[]},&quot;element_pack_global_tooltip_padding&quot;:{&quot;unit&quot;:&quot;px&quot;,&quot;top&quot;:&quot;&quot;,&quot;right&quot;:&quot;&quot;,&quot;bottom&quot;:&quot;&quot;,&quot;left&quot;:&quot;&quot;,&quot;isLinked&quot;:true},&quot;element_pack_global_tooltip_padding_tablet&quot;:{&quot;unit&quot;:&quot;px&quot;,&quot;top&quot;:&quot;&quot;,&quot;right&quot;:&quot;&quot;,&quot;bottom&quot;:&quot;&quot;,&quot;left&quot;:&quot;&quot;,&quot;isLinked&quot;:true},&quot;element_pack_global_tooltip_padding_mobile&quot;:{&quot;unit&quot;:&quot;px&quot;,&quot;top&quot;:&quot;&quot;,&quot;right&quot;:&quot;&quot;,&quot;bottom&quot;:&quot;&quot;,&quot;left&quot;:&quot;&quot;,&quot;isLinked&quot;:true},&quot;element_pack_global_tooltip_border_radius&quot;:{&quot;unit&quot;:&quot;px&quot;,&quot;top&quot;:&quot;&quot;,&quot;right&quot;:&quot;&quot;,&quot;bottom&quot;:&quot;&quot;,&quot;left&quot;:&quot;&quot;,&quot;isLinked&quot;:true},&quot;element_pack_global_tooltip_border_radius_tablet&quot;:{&quot;unit&quot;:&quot;px&quot;,&quot;top&quot;:&quot;&quot;,&quot;right&quot;:&quot;&quot;,&quot;bottom&quot;:&quot;&quot;,&quot;left&quot;:&quot;&quot;,&quot;isLinked&quot;:true},&quot;element_pack_global_tooltip_border_radius_mobile&quot;:{&quot;unit&quot;:&quot;px&quot;,&quot;top&quot;:&quot;&quot;,&quot;right&quot;:&quot;&quot;,&quot;bottom&quot;:&quot;&quot;,&quot;left&quot;:&quot;&quot;,&quot;isLinked&quot;:true}}\" data-elementor-post-type=\"post\">\n\t\t\t\t\t\t<section class=\"elementor-section elementor-top-section elementor-element elementor-element-dec6c0d elementor-section-boxed elementor-section-height-default elementor-section-height-default\" data-id=\"dec6c0d\" data-element_type=\"section\" data-e-type=\"section\">\n\t\t\t\t\t\t<div class=\"elementor-container elementor-column-gap-default\">\n\t\t\t\t\t<div class=\"elementor-column elementor-col-100 elementor-top-column elementor-element elementor-element-3e11268\" data-id=\"3e11268\" data-element_type=\"column\" data-e-type=\"column\">\n\t\t\t<div class=\"elementor-widget-wrap elementor-element-populated\">\n\t\t\t\t\t\t<div class=\"elementor-element elementor-element-1f40bbf elementor-widget elementor-widget-text-editor\" data-id=\"1f40bbf\" data-element_type=\"widget\" data-e-type=\"widget\" data-widget_type=\"text-editor.default\">\n\t\t\t\t<div class=\"elementor-widget-container\">\n\t\t\t\t\t\t\t\t\t<p><strong>Voici un exemple de r\u00e9ussite de Talent in Motivation en mati\u00e8re de d\u00e9veloppement d&rsquo;\u00e9quipe, avec omission des noms pour une question de confidentialit\u00e9.<\/strong><\/p><p><strong>ENTREPRISE :<\/strong>\u00a0multinationale du secteur de la grande consommation disposant de plusieurs centres de travail en Espagne.<\/p><p><strong>DESCRIPTION :<\/strong>\u00a0programme de d\u00e9veloppement de la coh\u00e9sion et de la motivation dans une \u00e9quipe de travail des services centraux de l&rsquo;organisation.<\/p><p><strong>PUBLIC CIBLE :<\/strong>\u00a07 personnes, un responsable de d\u00e9partement et ses 6 collaborateurs directs.<\/p><p><strong>POINT DE D\u00c9PART\/BESOIN<\/strong><\/p><p>D\u00e9partement qui a v\u00e9cu plusieurs changements successifs affectant, entre autres, le leadership et la gestion des collaborateurs, la reconnaissance per\u00e7ue par les membres de l&rsquo;\u00e9quipe, le rythme et la charge de travail. C&rsquo;est la raison pour laquelle il appara\u00eet n\u00e9cessaire de donner un nouvel \u00e9lan \u00e0 l&rsquo;\u00e9quipe afin de renforcer la communication, la coh\u00e9sion et l&rsquo;enthousiasme entre les personnes autour d&rsquo;un projet commun.<\/p><p><strong>M\u00c9THODOLOGIE<\/strong><\/p><ul><li>Phase pr\u00e9alable de diagnostic de l&rsquo;\u00e9quipe.<\/li><li>D\u00e9veloppement d&rsquo;un programme alternant des moments collectifs (sessions de teambuilding, avec feedback et r\u00e9flexion sur des th\u00e8mes communs) et individuels (entretiens de coaching et de suivi avec chacun des membres de l&rsquo;\u00e9quipe).<\/li><li>Utilisation, pendant les sessions de groupe, d&rsquo;activit\u00e9s de type exp\u00e9rientiel afin de mettre les participants dans des situations o\u00f9 ils doivent interagir puis analyser leur travail en \u00e9quipe.<\/li><\/ul><p><strong>D\u00c9VELOPPEMENT<\/strong><\/p><ul><li>Utilisation d&rsquo;un outil de diagnostic d&rsquo;\u00e9quipe afin de d\u00e9terminer comment les participants per\u00e7oivent leur \u00e9quipe, et comment ils se per\u00e7oivent mutuellement.<\/li><li>Session de coaching avec le responsable pr\u00e9alablement \u00e0 la premi\u00e8re session d&rsquo;\u00e9quipe.<\/li><li>Session de groupe en pr\u00e9sentiel durant 1 jour et demi afin de mettre en commun les r\u00e9sultats du diagnostic, travailler avec l&rsquo;\u00e9quipe sur des points d\u2019am\u00e9lioration identifi\u00e9s, provoquer une dynamique de groupe avec feedback post\u00e9rieur afin de r\u00e9fl\u00e9chir sur les pratiques de l&rsquo;\u00e9quipe en mati\u00e8re de collaboration et de communication, et \u00e9tablir un plan d&rsquo;action de groupe \u00e0 la fin de la session.<\/li><li>Entretiens individuels avec chacun des membres de l&rsquo;\u00e9quipe pour commenter les aspects individuels des r\u00e9sultats du diagnostic (perception de chacun d&rsquo;eux par ses coll\u00e8gues).<\/li><li>Activit\u00e9 post\u00e9rieure \u00ab\u00a0on-the-job\u00a0\u00bb afin de mettre en pratique certains des aspects travaill\u00e9s au cours de la session (\u00e9l\u00e9ments de communication et d&rsquo;efficacit\u00e9).<\/li><li>Session pr\u00e9sentielle de suivi de groupe d&rsquo;une demi-journ\u00e9e apr\u00e8s quelques mois afin d&rsquo;effectuer un nouveau diagnostic pour \u00e9valuer le climat de l&rsquo;\u00e9quipe, r\u00e9viser le plan d&rsquo;action de groupe, aborder les r\u00e9alisations obtenues ainsi que les freins rencontr\u00e9s, et \u00e9tablir un nouveau plan d&rsquo;action pour les mois suivants.<\/li><li>Dernier cycle d&rsquo;entretiens avec tous les membres de l&rsquo;\u00e9quipe afin de recueillir les impressions sur la situation de chacun par rapport au d\u00e9but du programme et \u00e9tudier les avanc\u00e9es du plan d&rsquo;action et la situation de l&rsquo;\u00e9quipe.<\/li><\/ul><p><strong>\u00a0<\/strong><strong>\u00c9VALUATION ET R\u00c9SULTATS<\/strong><\/p><p>Au cours d&rsquo;une p\u00e9riode de six mois, ce programme a permis de :<\/p><ul><li>Obtenir une am\u00e9lioration substantielle du climat de l&rsquo;\u00e9quipe (diagnostic pr\u00e9alable et post\u00e9rieur).<\/li><li>Traiter ouvertement certaines questions critiques pour l&rsquo;\u00e9quipe.<\/li><li>Parvenir \u00e0 une communication plus ouverte entre les membres.<\/li><li>Am\u00e9liorer certains processus de travail pour augmenter l&rsquo;efficacit\u00e9 des participants.<\/li><\/ul>\t\t\t\t\t\t\t\t<\/div>\n\t\t\t\t<\/div>\n\t\t\t\t<div class=\"elementor-element elementor-element-9b25c81 elementor-widget elementor-widget-text-editor\" data-id=\"9b25c81\" data-element_type=\"widget\" data-e-type=\"widget\" data-widget_type=\"text-editor.default\">\n\t\t\t\t<div class=\"elementor-widget-container\">\n\t\t\t\t\t\t\t\t\t<p>Partager sur les r\u00e9seaux sociaux: <\/p>\t\t\t\t\t\t\t\t<\/div>\n\t\t\t\t<\/div>\n\t\t\t\t<div class=\"elementor-element elementor-element-40c038c elementor-share-buttons--view-icon elementor-share-buttons--skin-minimal elementor-share-buttons--shape-circle elementor-grid-0 elementor-share-buttons--color-official elementor-widget elementor-widget-share-buttons\" data-id=\"40c038c\" data-element_type=\"widget\" data-e-type=\"widget\" data-widget_type=\"share-buttons.default\">\n\t\t\t\t<div class=\"elementor-widget-container\">\n\t\t\t\t\t\t\t<div class=\"elementor-grid\" role=\"list\">\n\t\t\t\t\t\t\t\t<div class=\"elementor-grid-item\" role=\"listitem\">\n\t\t\t\t\t\t<div class=\"elementor-share-btn elementor-share-btn_facebook\" role=\"button\" tabindex=\"0\" aria-label=\"Share on facebook\">\n\t\t\t\t\t\t\t\t\t\t\t\t\t\t\t<span class=\"elementor-share-btn__icon\">\n\t\t\t\t\t\t\t\t<i class=\"fab fa-facebook\" aria-hidden=\"true\"><\/i>\t\t\t\t\t\t\t<\/span>\n\t\t\t\t\t\t\t\t\t\t\t\t\t\t\t\t\t\t\t\t<\/div>\n\t\t\t\t\t<\/div>\n\t\t\t\t\t\t\t\t\t<div class=\"elementor-grid-item\" role=\"listitem\">\n\t\t\t\t\t\t<div class=\"elementor-share-btn elementor-share-btn_twitter\" role=\"button\" tabindex=\"0\" aria-label=\"Share on twitter\">\n\t\t\t\t\t\t\t\t\t\t\t\t\t\t\t<span class=\"elementor-share-btn__icon\">\n\t\t\t\t\t\t\t\t<i class=\"fab fa-twitter\" aria-hidden=\"true\"><\/i>\t\t\t\t\t\t\t<\/span>\n\t\t\t\t\t\t\t\t\t\t\t\t\t\t\t\t\t\t\t\t<\/div>\n\t\t\t\t\t<\/div>\n\t\t\t\t\t\t\t\t\t<div class=\"elementor-grid-item\" role=\"listitem\">\n\t\t\t\t\t\t<div class=\"elementor-share-btn elementor-share-btn_linkedin\" role=\"button\" tabindex=\"0\" aria-label=\"Share on linkedin\">\n\t\t\t\t\t\t\t\t\t\t\t\t\t\t\t<span class=\"elementor-share-btn__icon\">\n\t\t\t\t\t\t\t\t<i class=\"fab fa-linkedin\" aria-hidden=\"true\"><\/i>\t\t\t\t\t\t\t<\/span>\n\t\t\t\t\t\t\t\t\t\t\t\t\t\t\t\t\t\t\t\t<\/div>\n\t\t\t\t\t<\/div>\n\t\t\t\t\t\t\t\t\t<div class=\"elementor-grid-item\" role=\"listitem\">\n\t\t\t\t\t\t<div class=\"elementor-share-btn elementor-share-btn_whatsapp\" role=\"button\" tabindex=\"0\" aria-label=\"Share on whatsapp\">\n\t\t\t\t\t\t\t\t\t\t\t\t\t\t\t<span class=\"elementor-share-btn__icon\">\n\t\t\t\t\t\t\t\t<i class=\"fab fa-whatsapp\" aria-hidden=\"true\"><\/i>\t\t\t\t\t\t\t<\/span>\n\t\t\t\t\t\t\t\t\t\t\t\t\t\t\t\t\t\t\t\t<\/div>\n\t\t\t\t\t<\/div>\n\t\t\t\t\t\t\t\t\t<div class=\"elementor-grid-item\" role=\"listitem\">\n\t\t\t\t\t\t<div class=\"elementor-share-btn elementor-share-btn_email\" role=\"button\" tabindex=\"0\" aria-label=\"Share on email\">\n\t\t\t\t\t\t\t\t\t\t\t\t\t\t\t<span class=\"elementor-share-btn__icon\">\n\t\t\t\t\t\t\t\t<i class=\"fas fa-envelope\" aria-hidden=\"true\"><\/i>\t\t\t\t\t\t\t<\/span>\n\t\t\t\t\t\t\t\t\t\t\t\t\t\t\t\t\t\t\t\t<\/div>\n\t\t\t\t\t<\/div>\n\t\t\t\t\t\t<\/div>\n\t\t\t\t\t\t<\/div>\n\t\t\t\t<\/div>\n\t\t\t\t\t<\/div>\n\t\t<\/div>\n\t\t\t\t\t<\/div>\n\t\t<\/section>\n\t\t\t\t<\/div>\n\t\t","protected":false},"excerpt":{"rendered":"<p>Voici un exemple de r\u00e9ussite de Talent in Motivation en mati\u00e8re de d\u00e9veloppement d&rsquo;\u00e9quipe, avec omission des noms pour une question de confidentialit\u00e9. ENTREPRISE :\u00a0multinationale du secteur de la grande consommation disposant de plusieurs centres de travail en Espagne. DESCRIPTION :\u00a0programme de d\u00e9veloppement de la coh\u00e9sion et de la motivation dans une \u00e9quipe de travail&#8230;<\/p>\n","protected":false},"author":2,"featured_media":2442,"comment_status":"open","ping_status":"open","sticky":false,"template":"","format":"standard","meta":{"footnotes":""},"categories":[99],"tags":[],"class_list":["post-2939","post","type-post","status-publish","format-standard","has-post-thumbnail","hentry","category-exemples-de-reussite"],"yoast_head":"<!-- This site is optimized with the Yoast SEO Premium plugin v26.9 (Yoast SEO v27.0) - https:\/\/yoast.com\/product\/yoast-seo-premium-wordpress\/ -->\n<title>Talent in motivation: Conseil et am\u00e9lioration du climat d&#039;une \u00e9quipe de travail immerg\u00e9e dans un processus de changement. | Talent In People<\/title>\n<meta name=\"robots\" content=\"index, follow, max-snippet:-1, max-image-preview:large, max-video-preview:-1\" \/>\n<link rel=\"canonical\" href=\"https:\/\/talentinpeople.com\/fr\/talent-in-motivation-conseil-et-amelioration-du-climat-dune-equipe-de-travail-immergee-dans-un-processus-de-changement\/\" \/>\n<meta property=\"og:locale\" content=\"fr_FR\" \/>\n<meta property=\"og:type\" content=\"article\" \/>\n<meta property=\"og:title\" content=\"Talent in motivation: Conseil et am\u00e9lioration du climat d&#039;une \u00e9quipe de travail immerg\u00e9e dans un processus de changement.\" \/>\n<meta property=\"og:description\" content=\"Voici un exemple de r\u00e9ussite de Talent in Motivation en mati\u00e8re de d\u00e9veloppement d&rsquo;\u00e9quipe, avec omission des noms pour une question de confidentialit\u00e9. ENTREPRISE :\u00a0multinationale du secteur de la grande consommation disposant de plusieurs centres de travail en Espagne. DESCRIPTION :\u00a0programme de d\u00e9veloppement de la coh\u00e9sion et de la motivation dans une \u00e9quipe de travail...\" \/>\n<meta property=\"og:url\" content=\"https:\/\/talentinpeople.com\/fr\/talent-in-motivation-conseil-et-amelioration-du-climat-dune-equipe-de-travail-immergee-dans-un-processus-de-changement\/\" \/>\n<meta property=\"og:site_name\" content=\"Talent In People\" \/>\n<meta property=\"article:published_time\" content=\"2021-08-31T17:23:41+00:00\" \/>\n<meta property=\"article:modified_time\" content=\"2021-08-31T17:26:43+00:00\" \/>\n<meta property=\"og:image\" content=\"https:\/\/talentinpeople.com\/wp-content\/uploads\/2021\/05\/Talent-in-Motivation-Caso-de-exito-scaled.jpg\" \/>\n\t<meta property=\"og:image:width\" content=\"2560\" \/>\n\t<meta property=\"og:image:height\" content=\"1560\" \/>\n\t<meta property=\"og:image:type\" content=\"image\/jpeg\" \/>\n<meta name=\"author\" content=\"delefant\" \/>\n<meta name=\"twitter:card\" content=\"summary_large_image\" \/>\n<meta name=\"twitter:label1\" content=\"\u00c9crit par\" \/>\n\t<meta name=\"twitter:data1\" content=\"delefant\" \/>\n\t<meta name=\"twitter:label2\" content=\"Dur\u00e9e de lecture estim\u00e9e\" \/>\n\t<meta name=\"twitter:data2\" content=\"3 minutes\" \/>\n<script type=\"application\/ld+json\" class=\"yoast-schema-graph\">{\"@context\":\"https:\/\/schema.org\",\"@graph\":[{\"@type\":\"Article\",\"@id\":\"https:\/\/talentinpeople.com\/fr\/talent-in-motivation-conseil-et-amelioration-du-climat-dune-equipe-de-travail-immergee-dans-un-processus-de-changement\/#article\",\"isPartOf\":{\"@id\":\"https:\/\/talentinpeople.com\/fr\/talent-in-motivation-conseil-et-amelioration-du-climat-dune-equipe-de-travail-immergee-dans-un-processus-de-changement\/\"},\"author\":{\"name\":\"delefant\",\"@id\":\"https:\/\/talentinpeople.com\/#\/schema\/person\/bf3d69623f435a470d4c00a1b1d8781b\"},\"headline\":\"Talent in motivation: Conseil et am\u00e9lioration du climat d&rsquo;une \u00e9quipe de travail immerg\u00e9e dans un processus de changement.\",\"datePublished\":\"2021-08-31T17:23:41+00:00\",\"dateModified\":\"2021-08-31T17:26:43+00:00\",\"mainEntityOfPage\":{\"@id\":\"https:\/\/talentinpeople.com\/fr\/talent-in-motivation-conseil-et-amelioration-du-climat-dune-equipe-de-travail-immergee-dans-un-processus-de-changement\/\"},\"wordCount\":609,\"commentCount\":0,\"image\":{\"@id\":\"https:\/\/talentinpeople.com\/fr\/talent-in-motivation-conseil-et-amelioration-du-climat-dune-equipe-de-travail-immergee-dans-un-processus-de-changement\/#primaryimage\"},\"thumbnailUrl\":\"https:\/\/talentinpeople.com\/wp-content\/uploads\/2021\/05\/Talent-in-Motivation-Caso-de-exito-scaled.jpg\",\"articleSection\":[\"Exemples de r\u00e9ussite\"],\"inLanguage\":\"fr-FR\",\"potentialAction\":[{\"@type\":\"CommentAction\",\"name\":\"Comment\",\"target\":[\"https:\/\/talentinpeople.com\/fr\/talent-in-motivation-conseil-et-amelioration-du-climat-dune-equipe-de-travail-immergee-dans-un-processus-de-changement\/#respond\"]}]},{\"@type\":\"WebPage\",\"@id\":\"https:\/\/talentinpeople.com\/fr\/talent-in-motivation-conseil-et-amelioration-du-climat-dune-equipe-de-travail-immergee-dans-un-processus-de-changement\/\",\"url\":\"https:\/\/talentinpeople.com\/fr\/talent-in-motivation-conseil-et-amelioration-du-climat-dune-equipe-de-travail-immergee-dans-un-processus-de-changement\/\",\"name\":\"Talent in motivation: Conseil et am\u00e9lioration du climat d'une \u00e9quipe de travail immerg\u00e9e dans un processus de changement. | Talent In People\",\"isPartOf\":{\"@id\":\"https:\/\/talentinpeople.com\/#website\"},\"primaryImageOfPage\":{\"@id\":\"https:\/\/talentinpeople.com\/fr\/talent-in-motivation-conseil-et-amelioration-du-climat-dune-equipe-de-travail-immergee-dans-un-processus-de-changement\/#primaryimage\"},\"image\":{\"@id\":\"https:\/\/talentinpeople.com\/fr\/talent-in-motivation-conseil-et-amelioration-du-climat-dune-equipe-de-travail-immergee-dans-un-processus-de-changement\/#primaryimage\"},\"thumbnailUrl\":\"https:\/\/talentinpeople.com\/wp-content\/uploads\/2021\/05\/Talent-in-Motivation-Caso-de-exito-scaled.jpg\",\"datePublished\":\"2021-08-31T17:23:41+00:00\",\"dateModified\":\"2021-08-31T17:26:43+00:00\",\"author\":{\"@id\":\"https:\/\/talentinpeople.com\/#\/schema\/person\/bf3d69623f435a470d4c00a1b1d8781b\"},\"breadcrumb\":{\"@id\":\"https:\/\/talentinpeople.com\/fr\/talent-in-motivation-conseil-et-amelioration-du-climat-dune-equipe-de-travail-immergee-dans-un-processus-de-changement\/#breadcrumb\"},\"inLanguage\":\"fr-FR\",\"potentialAction\":[{\"@type\":\"ReadAction\",\"target\":[\"https:\/\/talentinpeople.com\/fr\/talent-in-motivation-conseil-et-amelioration-du-climat-dune-equipe-de-travail-immergee-dans-un-processus-de-changement\/\"]}]},{\"@type\":\"ImageObject\",\"inLanguage\":\"fr-FR\",\"@id\":\"https:\/\/talentinpeople.com\/fr\/talent-in-motivation-conseil-et-amelioration-du-climat-dune-equipe-de-travail-immergee-dans-un-processus-de-changement\/#primaryimage\",\"url\":\"https:\/\/talentinpeople.com\/wp-content\/uploads\/2021\/05\/Talent-in-Motivation-Caso-de-exito-scaled.jpg\",\"contentUrl\":\"https:\/\/talentinpeople.com\/wp-content\/uploads\/2021\/05\/Talent-in-Motivation-Caso-de-exito-scaled.jpg\",\"width\":2560,\"height\":1560},{\"@type\":\"BreadcrumbList\",\"@id\":\"https:\/\/talentinpeople.com\/fr\/talent-in-motivation-conseil-et-amelioration-du-climat-dune-equipe-de-travail-immergee-dans-un-processus-de-changement\/#breadcrumb\",\"itemListElement\":[{\"@type\":\"ListItem\",\"position\":1,\"name\":\"Home\",\"item\":\"https:\/\/talentinpeople.com\/fr\/\"},{\"@type\":\"ListItem\",\"position\":2,\"name\":\"Talent in motivation: Conseil et am\u00e9lioration du climat d&rsquo;une \u00e9quipe de travail immerg\u00e9e dans un processus de changement.\"}]},{\"@type\":\"WebSite\",\"@id\":\"https:\/\/talentinpeople.com\/#website\",\"url\":\"https:\/\/talentinpeople.com\/\",\"name\":\"Talent In People\",\"description\":\"Es tu momento, consigue objetivos.\",\"potentialAction\":[{\"@type\":\"SearchAction\",\"target\":{\"@type\":\"EntryPoint\",\"urlTemplate\":\"https:\/\/talentinpeople.com\/?s={search_term_string}\"},\"query-input\":{\"@type\":\"PropertyValueSpecification\",\"valueRequired\":true,\"valueName\":\"search_term_string\"}}],\"inLanguage\":\"fr-FR\"},{\"@type\":\"Person\",\"@id\":\"https:\/\/talentinpeople.com\/#\/schema\/person\/bf3d69623f435a470d4c00a1b1d8781b\",\"name\":\"delefant\",\"image\":{\"@type\":\"ImageObject\",\"inLanguage\":\"fr-FR\",\"@id\":\"https:\/\/talentinpeople.com\/#\/schema\/person\/image\/\",\"url\":\"https:\/\/secure.gravatar.com\/avatar\/58fffb6552534b913aa6c715b8b44b6c4c5215057772e066f63173492f8b09f9?s=96&d=mm&r=g\",\"contentUrl\":\"https:\/\/secure.gravatar.com\/avatar\/58fffb6552534b913aa6c715b8b44b6c4c5215057772e066f63173492f8b09f9?s=96&d=mm&r=g\",\"caption\":\"delefant\"},\"url\":\"https:\/\/talentinpeople.com\/fr\/author\/delefant\/\"}]}<\/script>\n<!-- \/ Yoast SEO Premium plugin. -->","yoast_head_json":{"title":"Talent in motivation: Conseil et am\u00e9lioration du climat d'une \u00e9quipe de travail immerg\u00e9e dans un processus de changement. | Talent In People","robots":{"index":"index","follow":"follow","max-snippet":"max-snippet:-1","max-image-preview":"max-image-preview:large","max-video-preview":"max-video-preview:-1"},"canonical":"https:\/\/talentinpeople.com\/fr\/talent-in-motivation-conseil-et-amelioration-du-climat-dune-equipe-de-travail-immergee-dans-un-processus-de-changement\/","og_locale":"fr_FR","og_type":"article","og_title":"Talent in motivation: Conseil et am\u00e9lioration du climat d'une \u00e9quipe de travail immerg\u00e9e dans un processus de changement.","og_description":"Voici un exemple de r\u00e9ussite de Talent in Motivation en mati\u00e8re de d\u00e9veloppement d&rsquo;\u00e9quipe, avec omission des noms pour une question de confidentialit\u00e9. ENTREPRISE :\u00a0multinationale du secteur de la grande consommation disposant de plusieurs centres de travail en Espagne. DESCRIPTION :\u00a0programme de d\u00e9veloppement de la coh\u00e9sion et de la motivation dans une \u00e9quipe de travail...","og_url":"https:\/\/talentinpeople.com\/fr\/talent-in-motivation-conseil-et-amelioration-du-climat-dune-equipe-de-travail-immergee-dans-un-processus-de-changement\/","og_site_name":"Talent In People","article_published_time":"2021-08-31T17:23:41+00:00","article_modified_time":"2021-08-31T17:26:43+00:00","og_image":[{"width":2560,"height":1560,"url":"https:\/\/talentinpeople.com\/wp-content\/uploads\/2021\/05\/Talent-in-Motivation-Caso-de-exito-scaled.jpg","type":"image\/jpeg"}],"author":"delefant","twitter_card":"summary_large_image","twitter_misc":{"\u00c9crit par":"delefant","Dur\u00e9e de lecture estim\u00e9e":"3 minutes"},"schema":{"@context":"https:\/\/schema.org","@graph":[{"@type":"Article","@id":"https:\/\/talentinpeople.com\/fr\/talent-in-motivation-conseil-et-amelioration-du-climat-dune-equipe-de-travail-immergee-dans-un-processus-de-changement\/#article","isPartOf":{"@id":"https:\/\/talentinpeople.com\/fr\/talent-in-motivation-conseil-et-amelioration-du-climat-dune-equipe-de-travail-immergee-dans-un-processus-de-changement\/"},"author":{"name":"delefant","@id":"https:\/\/talentinpeople.com\/#\/schema\/person\/bf3d69623f435a470d4c00a1b1d8781b"},"headline":"Talent in motivation: Conseil et am\u00e9lioration du climat d&rsquo;une \u00e9quipe de travail immerg\u00e9e dans un processus de changement.","datePublished":"2021-08-31T17:23:41+00:00","dateModified":"2021-08-31T17:26:43+00:00","mainEntityOfPage":{"@id":"https:\/\/talentinpeople.com\/fr\/talent-in-motivation-conseil-et-amelioration-du-climat-dune-equipe-de-travail-immergee-dans-un-processus-de-changement\/"},"wordCount":609,"commentCount":0,"image":{"@id":"https:\/\/talentinpeople.com\/fr\/talent-in-motivation-conseil-et-amelioration-du-climat-dune-equipe-de-travail-immergee-dans-un-processus-de-changement\/#primaryimage"},"thumbnailUrl":"https:\/\/talentinpeople.com\/wp-content\/uploads\/2021\/05\/Talent-in-Motivation-Caso-de-exito-scaled.jpg","articleSection":["Exemples de r\u00e9ussite"],"inLanguage":"fr-FR","potentialAction":[{"@type":"CommentAction","name":"Comment","target":["https:\/\/talentinpeople.com\/fr\/talent-in-motivation-conseil-et-amelioration-du-climat-dune-equipe-de-travail-immergee-dans-un-processus-de-changement\/#respond"]}]},{"@type":"WebPage","@id":"https:\/\/talentinpeople.com\/fr\/talent-in-motivation-conseil-et-amelioration-du-climat-dune-equipe-de-travail-immergee-dans-un-processus-de-changement\/","url":"https:\/\/talentinpeople.com\/fr\/talent-in-motivation-conseil-et-amelioration-du-climat-dune-equipe-de-travail-immergee-dans-un-processus-de-changement\/","name":"Talent in motivation: Conseil et am\u00e9lioration du climat d'une \u00e9quipe de travail immerg\u00e9e dans un processus de changement. | Talent In People","isPartOf":{"@id":"https:\/\/talentinpeople.com\/#website"},"primaryImageOfPage":{"@id":"https:\/\/talentinpeople.com\/fr\/talent-in-motivation-conseil-et-amelioration-du-climat-dune-equipe-de-travail-immergee-dans-un-processus-de-changement\/#primaryimage"},"image":{"@id":"https:\/\/talentinpeople.com\/fr\/talent-in-motivation-conseil-et-amelioration-du-climat-dune-equipe-de-travail-immergee-dans-un-processus-de-changement\/#primaryimage"},"thumbnailUrl":"https:\/\/talentinpeople.com\/wp-content\/uploads\/2021\/05\/Talent-in-Motivation-Caso-de-exito-scaled.jpg","datePublished":"2021-08-31T17:23:41+00:00","dateModified":"2021-08-31T17:26:43+00:00","author":{"@id":"https:\/\/talentinpeople.com\/#\/schema\/person\/bf3d69623f435a470d4c00a1b1d8781b"},"breadcrumb":{"@id":"https:\/\/talentinpeople.com\/fr\/talent-in-motivation-conseil-et-amelioration-du-climat-dune-equipe-de-travail-immergee-dans-un-processus-de-changement\/#breadcrumb"},"inLanguage":"fr-FR","potentialAction":[{"@type":"ReadAction","target":["https:\/\/talentinpeople.com\/fr\/talent-in-motivation-conseil-et-amelioration-du-climat-dune-equipe-de-travail-immergee-dans-un-processus-de-changement\/"]}]},{"@type":"ImageObject","inLanguage":"fr-FR","@id":"https:\/\/talentinpeople.com\/fr\/talent-in-motivation-conseil-et-amelioration-du-climat-dune-equipe-de-travail-immergee-dans-un-processus-de-changement\/#primaryimage","url":"https:\/\/talentinpeople.com\/wp-content\/uploads\/2021\/05\/Talent-in-Motivation-Caso-de-exito-scaled.jpg","contentUrl":"https:\/\/talentinpeople.com\/wp-content\/uploads\/2021\/05\/Talent-in-Motivation-Caso-de-exito-scaled.jpg","width":2560,"height":1560},{"@type":"BreadcrumbList","@id":"https:\/\/talentinpeople.com\/fr\/talent-in-motivation-conseil-et-amelioration-du-climat-dune-equipe-de-travail-immergee-dans-un-processus-de-changement\/#breadcrumb","itemListElement":[{"@type":"ListItem","position":1,"name":"Home","item":"https:\/\/talentinpeople.com\/fr\/"},{"@type":"ListItem","position":2,"name":"Talent in motivation: Conseil et am\u00e9lioration du climat d&rsquo;une \u00e9quipe de travail immerg\u00e9e dans un processus de changement."}]},{"@type":"WebSite","@id":"https:\/\/talentinpeople.com\/#website","url":"https:\/\/talentinpeople.com\/","name":"Talent In People","description":"Es tu momento, consigue objetivos.","potentialAction":[{"@type":"SearchAction","target":{"@type":"EntryPoint","urlTemplate":"https:\/\/talentinpeople.com\/?s={search_term_string}"},"query-input":{"@type":"PropertyValueSpecification","valueRequired":true,"valueName":"search_term_string"}}],"inLanguage":"fr-FR"},{"@type":"Person","@id":"https:\/\/talentinpeople.com\/#\/schema\/person\/bf3d69623f435a470d4c00a1b1d8781b","name":"delefant","image":{"@type":"ImageObject","inLanguage":"fr-FR","@id":"https:\/\/talentinpeople.com\/#\/schema\/person\/image\/","url":"https:\/\/secure.gravatar.com\/avatar\/58fffb6552534b913aa6c715b8b44b6c4c5215057772e066f63173492f8b09f9?s=96&d=mm&r=g","contentUrl":"https:\/\/secure.gravatar.com\/avatar\/58fffb6552534b913aa6c715b8b44b6c4c5215057772e066f63173492f8b09f9?s=96&d=mm&r=g","caption":"delefant"},"url":"https:\/\/talentinpeople.com\/fr\/author\/delefant\/"}]}},"_links":{"self":[{"href":"https:\/\/talentinpeople.com\/fr\/wp-json\/wp\/v2\/posts\/2939","targetHints":{"allow":["GET"]}}],"collection":[{"href":"https:\/\/talentinpeople.com\/fr\/wp-json\/wp\/v2\/posts"}],"about":[{"href":"https:\/\/talentinpeople.com\/fr\/wp-json\/wp\/v2\/types\/post"}],"author":[{"embeddable":true,"href":"https:\/\/talentinpeople.com\/fr\/wp-json\/wp\/v2\/users\/2"}],"replies":[{"embeddable":true,"href":"https:\/\/talentinpeople.com\/fr\/wp-json\/wp\/v2\/comments?post=2939"}],"version-history":[{"count":7,"href":"https:\/\/talentinpeople.com\/fr\/wp-json\/wp\/v2\/posts\/2939\/revisions"}],"predecessor-version":[{"id":2946,"href":"https:\/\/talentinpeople.com\/fr\/wp-json\/wp\/v2\/posts\/2939\/revisions\/2946"}],"wp:featuredmedia":[{"embeddable":true,"href":"https:\/\/talentinpeople.com\/fr\/wp-json\/wp\/v2\/media\/2442"}],"wp:attachment":[{"href":"https:\/\/talentinpeople.com\/fr\/wp-json\/wp\/v2\/media?parent=2939"}],"wp:term":[{"taxonomy":"category","embeddable":true,"href":"https:\/\/talentinpeople.com\/fr\/wp-json\/wp\/v2\/categories?post=2939"},{"taxonomy":"post_tag","embeddable":true,"href":"https:\/\/talentinpeople.com\/fr\/wp-json\/wp\/v2\/tags?post=2939"}],"curies":[{"name":"wp","href":"https:\/\/api.w.org\/{rel}","templated":true}]}}