{"id":3201,"date":"2022-01-04T09:49:07","date_gmt":"2022-01-04T08:49:07","guid":{"rendered":"https:\/\/talentinpeople.com\/la-force-de-lempathie\/"},"modified":"2022-01-04T09:54:06","modified_gmt":"2022-01-04T08:54:06","slug":"la-force-de-lempathie","status":"publish","type":"post","link":"https:\/\/talentinpeople.com\/fr\/la-force-de-lempathie\/","title":{"rendered":"LA FORCE DE L&rsquo;EMPATHIE"},"content":{"rendered":"\t\t<div data-elementor-type=\"wp-post\" data-elementor-id=\"3201\" class=\"elementor elementor-3201 elementor-592\" data-elementor-settings=\"{&quot;element_pack_global_tooltip_width&quot;:{&quot;unit&quot;:&quot;px&quot;,&quot;size&quot;:&quot;&quot;,&quot;sizes&quot;:[]},&quot;element_pack_global_tooltip_width_tablet&quot;:{&quot;unit&quot;:&quot;px&quot;,&quot;size&quot;:&quot;&quot;,&quot;sizes&quot;:[]},&quot;element_pack_global_tooltip_width_mobile&quot;:{&quot;unit&quot;:&quot;px&quot;,&quot;size&quot;:&quot;&quot;,&quot;sizes&quot;:[]},&quot;element_pack_global_tooltip_padding&quot;:{&quot;unit&quot;:&quot;px&quot;,&quot;top&quot;:&quot;&quot;,&quot;right&quot;:&quot;&quot;,&quot;bottom&quot;:&quot;&quot;,&quot;left&quot;:&quot;&quot;,&quot;isLinked&quot;:true},&quot;element_pack_global_tooltip_padding_tablet&quot;:{&quot;unit&quot;:&quot;px&quot;,&quot;top&quot;:&quot;&quot;,&quot;right&quot;:&quot;&quot;,&quot;bottom&quot;:&quot;&quot;,&quot;left&quot;:&quot;&quot;,&quot;isLinked&quot;:true},&quot;element_pack_global_tooltip_padding_mobile&quot;:{&quot;unit&quot;:&quot;px&quot;,&quot;top&quot;:&quot;&quot;,&quot;right&quot;:&quot;&quot;,&quot;bottom&quot;:&quot;&quot;,&quot;left&quot;:&quot;&quot;,&quot;isLinked&quot;:true},&quot;element_pack_global_tooltip_border_radius&quot;:{&quot;unit&quot;:&quot;px&quot;,&quot;top&quot;:&quot;&quot;,&quot;right&quot;:&quot;&quot;,&quot;bottom&quot;:&quot;&quot;,&quot;left&quot;:&quot;&quot;,&quot;isLinked&quot;:true},&quot;element_pack_global_tooltip_border_radius_tablet&quot;:{&quot;unit&quot;:&quot;px&quot;,&quot;top&quot;:&quot;&quot;,&quot;right&quot;:&quot;&quot;,&quot;bottom&quot;:&quot;&quot;,&quot;left&quot;:&quot;&quot;,&quot;isLinked&quot;:true},&quot;element_pack_global_tooltip_border_radius_mobile&quot;:{&quot;unit&quot;:&quot;px&quot;,&quot;top&quot;:&quot;&quot;,&quot;right&quot;:&quot;&quot;,&quot;bottom&quot;:&quot;&quot;,&quot;left&quot;:&quot;&quot;,&quot;isLinked&quot;:true}}\" data-elementor-post-type=\"post\">\n\t\t\t\t\t\t<section class=\"elementor-section elementor-top-section elementor-element elementor-element-9452f1a elementor-section-boxed elementor-section-height-default elementor-section-height-default\" data-id=\"9452f1a\" data-element_type=\"section\" data-e-type=\"section\">\n\t\t\t\t\t\t<div class=\"elementor-container elementor-column-gap-default\">\n\t\t\t\t\t<div class=\"elementor-column elementor-col-100 elementor-top-column elementor-element elementor-element-2a0a7abc\" data-id=\"2a0a7abc\" data-element_type=\"column\" data-e-type=\"column\">\n\t\t\t<div class=\"elementor-widget-wrap elementor-element-populated\">\n\t\t\t\t\t\t<div class=\"elementor-element elementor-element-7056604b elementor-widget elementor-widget-text-editor\" data-id=\"7056604b\" data-element_type=\"widget\" data-e-type=\"widget\" data-widget_type=\"text-editor.default\">\n\t\t\t\t<div class=\"elementor-widget-container\">\n\t\t\t\t\t\t\t\t\t<p><strong>Et si au lieu de confinement, le mot de l&rsquo;ann\u00e9e avait \u00e9t\u00e9 empathie ? Cette comp\u00e9tence m\u00e9rite sa propre place dans l&rsquo;univers des \u00ab\u00a0soft skills\u00a0\u00bb et cet article explique les raisons de son utilisation et son importance dans notre vie quotidienne.<\/strong><\/p><p>Apr\u00e8s que \u00ab\u00a0confinement\u00a0\u00bb a \u00e9t\u00e9 proclam\u00e9 mot de l&rsquo;ann\u00e9e en Espagne par la Fund\u00e9u, j&rsquo;aimerais vous parler d&rsquo;un autre mot cl\u00e9 de l\u2019ann\u00e9e \u00e9coul\u00e9e, \u00ab\u00a0empathie\u00a0\u00bb, et je suis convaincu que beaucoup d&rsquo;entre vous l&rsquo;auront exp\u00e9riment\u00e9 ou pratiqu\u00e9 depuis 2020.<\/p><p>La d\u00e9finition la plus r\u00e9pandue de l&#8217;empathie est \u00ab\u00a0<em>la capacit\u00e9 de se mettre \u00e0 la place des autres \u00bb<\/em>, comme si nous pouvions porter des lunettes sp\u00e9ciales pour voir les choses du point de vue d&rsquo;une autre personne, enrichissant ainsi notre perception de la situation.<\/p><p>Bien que de nombreuses personnes confondent encore l&#8217;empathie avec la sympathie ou la compassion, il s&rsquo;agit en fait de concepts diff\u00e9rents. La <strong>sympathie<\/strong> exige que nous ayons des affinit\u00e9s avec l&rsquo;autre personne, alors qu&rsquo;on peut parfaitement faire preuve d&#8217;empathie envers un \u00e9tranger. Quant \u00e0 la <strong>compassion<\/strong>, nous avons tendance \u00e0 l&rsquo;exprimer envers les personnes qui \u00e9prouvent une certaine forme de souffrance, afin de soulager leur douleur, alors que nous pouvons faire preuve d&#8217;empathie envers quelqu&rsquo;un ind\u00e9pendamment de son \u00e9tat \u00e9motionnel.<\/p><p>L&#8217;empathie appartient \u00e0 la famille des comp\u00e9tences \u00ab\u00a0soft\u00a0\u00bb qui, paradoxalement, nous aident \u00e0 \u00eatre \u00ab\u00a0plus forts\u00a0\u00bb dans de nombreuses circonstances de notre vie.<\/p><p>Dans le milieu professionnel, l&#8217;empathie est tr\u00e8s utile lorsque nous avons besoin de mieux conna\u00eetre les personnes avec lesquelles nous allons interagir\u00a0:<\/p><ul><li>Les participants \u00e0 une session de formation.<\/li><li>Les spectateurs d&rsquo;une pr\u00e9sentation publique.<\/li><li>Le client dans une r\u00e9union d&rsquo;affaires.<\/li><li>L&rsquo;autre partie dans un processus de n\u00e9gociation.<\/li><li>Les intervenants d&rsquo;une r\u00e9union d&rsquo;affaires.<\/li><li>Notre responsable ou collaborateur, selon le cas, lors d&rsquo;un entretien de d\u00e9veloppement.<\/li><\/ul><p>Nous essaierons, dans chaque cas, de recueillir des informations sur ces personnes afin de savoir comment ajuster nos actions et notre comportement \u00e0 leur \u00e9gard pour atteindre un objectif sp\u00e9cifique : expliquer un concept, vendre un produit, conclure une affaire ou r\u00e9soudre un conflit.<\/p><p>Un exemple d&rsquo;outil pouvant nous aider dans cette t\u00e2che est la <strong>carte d&#8217;empathie<\/strong>. Bien qu&rsquo;elle ait \u00e9t\u00e9 con\u00e7ue \u00e0 l&rsquo;origine \u00e0 des fins commerciales (pour mieux conna\u00eetre nos clients), elle peut \u00eatre adapt\u00e9e \u00e0 tout type d&rsquo;interlocuteur. Cette carte propose de r\u00e9pondre \u00e0 6 questions cl\u00e9s:<\/p>\t\t\t\t\t\t\t\t<\/div>\n\t\t\t\t<\/div>\n\t\t\t\t<div class=\"elementor-element elementor-element-59d3e83 elementor-widget elementor-widget-image\" data-id=\"59d3e83\" data-element_type=\"widget\" data-e-type=\"widget\" data-widget_type=\"image.default\">\n\t\t\t\t<div class=\"elementor-widget-container\">\n\t\t\t\t\t\t\t\t\t\t\t\t\t\t\t<img fetchpriority=\"high\" decoding=\"async\" width=\"959\" height=\"557\" src=\"https:\/\/talentinpeople.com\/wp-content\/uploads\/2021\/05\/Mapa-de-empatia_FRA.png\" class=\"attachment-large size-large wp-image-3183\" alt=\"\" srcset=\"https:\/\/talentinpeople.com\/wp-content\/uploads\/2021\/05\/Mapa-de-empatia_FRA.png 959w, https:\/\/talentinpeople.com\/wp-content\/uploads\/2021\/05\/Mapa-de-empatia_FRA-300x174.png 300w, https:\/\/talentinpeople.com\/wp-content\/uploads\/2021\/05\/Mapa-de-empatia_FRA-768x446.png 768w\" sizes=\"(max-width: 959px) 100vw, 959px\" \/>\t\t\t\t\t\t\t\t\t\t\t\t\t\t\t<\/div>\n\t\t\t\t<\/div>\n\t\t\t\t<div class=\"elementor-element elementor-element-51c1e67 elementor-widget elementor-widget-text-editor\" data-id=\"51c1e67\" data-element_type=\"widget\" data-e-type=\"widget\" data-widget_type=\"text-editor.default\">\n\t\t\t\t<div class=\"elementor-widget-container\">\n\t\t\t\t\t\t\t\t\t<p>Les trois questions en haut de la carte nous aident \u00e0 mieux comprendre les gens, en r\u00e9fl\u00e9chissant \u00e0 leur attitude en public, \u00e0 leurs int\u00e9r\u00eats et pr\u00e9occupations \u00e9ventuels, ainsi qu&rsquo;aux autres personnes ou choses qui peuvent les influencer.<\/p><p>Les trois questions au bas de la carte se concentrent sur les attentes possibles de ces personnes : comment elles nous voient, ce qu&rsquo;elles veulent atteindre et ce qu&rsquo;elles veulent \u00e9viter dans leur prochaine interaction avec nous.<\/p><p>M\u00eame si nous ne connaissons pas toutes les r\u00e9ponses, le simple fait de poser ces questions nous aide \u00e0 am\u00e9liorer notre perception et notre compr\u00e9hension de l&rsquo;autre personne, et \u00e0 acqu\u00e9rir une certaine \u00ab\u00a0perspicacit\u00e9\u00a0\u00bb.<\/p><p>Bien s\u00fbr, l&#8217;empathie est \u00e9galement tr\u00e8s utile sur le plan personnel : qui n&rsquo;aimerait pas pouvoir mieux comprendre son partenaire, ses enfants ou ses amis et \u00eatre capable de saisir ce qui peut se passer dans l&rsquo;esprit ou le c\u0153ur d&rsquo;un proche ? M\u00eame dans les cas o\u00f9 nous disposons de nombreuses informations, il est toujours important de cultiver notre curiosit\u00e9, de nous int\u00e9resser \u00e0 cette personne, d&rsquo;aiguiser notre sens de l&rsquo;observation et de tenir compte de notre intuition.<\/p><p>Nous pourrions conclure que l&#8217;empathie est quelque peu \u00e9go\u00efste dans la mesure o\u00f9 nous l&rsquo;utilisons \u00e0 des fins tr\u00e8s sp\u00e9cifiques et dans notre propre int\u00e9r\u00eat. Cependant, l&#8217;empathie pr\u00e9sente \u00e9galement des caract\u00e9ristiques profond\u00e9ment humaines.<\/p><p>L&#8217;empathie exige que nous soyons capables de faire le premier pas, comme l&rsquo;a \u00e9crit Stephen R. Covey dans <strong>Les Sept habitudes des gens efficaces<\/strong> : \u00ab\u00a0Cherchez d&rsquo;abord \u00e0 comprendre, puis \u00e0 \u00eatre compris\u00a0\u00bb. Il serait facile d&rsquo;attendre que les autres commencent par se mettre \u00e0 notre place. En fait, c&rsquo;est ce que font souvent les personnes anim\u00e9es par l&rsquo;orgueil et l&rsquo;arrogance, et c&rsquo;est la raison pour laquelle de nombreux conflits ne sont pas r\u00e9solus parce que chacun attend que l&rsquo;autre fasse le premier pas. Faire preuve d&#8217;empathie consiste \u00e0 r\u00e9aliser ce geste de g\u00e9n\u00e9rosit\u00e9, \u00e0 faire l&rsquo;effort de comprendre l&rsquo;autre personne (ou du moins \u00e0 essayer) m\u00eame si nous ne sommes pas d&rsquo;accord avec elle.<\/p><p>Le point de d\u00e9part \u00e9tant notre besoin, ce que nous obtenons par l&#8217;empathie est une meilleure compr\u00e9hension entre les personnes, dans une perspective plus \u00e9quilibr\u00e9e, \u00e0 la mani\u00e8re de la strat\u00e9gie gagnant-gagnant si souvent utilis\u00e9e dans les n\u00e9gociations. Cet effort initial pour se rapprocher des autres ne nous aide pas seulement \u00e0 atteindre nos objectifs, mais il permet aussi \u00e0 l&rsquo;autre partie, se sentant mieux comprise, de commencer \u00e0 changer son attitude \u00e0 notre \u00e9gard. Il ne s&rsquo;agit pas tant d&rsquo;une relation de cause \u00e0 effet que d&rsquo;une graine que nous semons pour des relations plus saines.<\/p><p>Le contexte influence \u00e9galement la capacit\u00e9 d&#8217;empathie des personnes. Le fait d&rsquo;\u00eatre plong\u00e9 dans une situation aussi difficile que celle de ces derni\u00e8res ann\u00e9es nous a rendus, en g\u00e9n\u00e9ral, plus sensibles et r\u00e9ceptifs aux circonstances des autres. Nous observons comment l&#8217;empathie agit comme un catalyseur pour des valeurs plus humaines dans notre soci\u00e9t\u00e9.<\/p><p>En esp\u00e9rant que les ann\u00e9es de confinement touchent \u00e0 leur fin, l&#8217;empathie est un outil id\u00e9al pour lutter contre l&rsquo;isolement et rapprocher les gens. Profitons-en!<\/p>\t\t\t\t\t\t\t\t<\/div>\n\t\t\t\t<\/div>\n\t\t\t\t<div class=\"elementor-element elementor-element-926e045 elementor-widget elementor-widget-text-editor\" data-id=\"926e045\" data-element_type=\"widget\" data-e-type=\"widget\" data-widget_type=\"text-editor.default\">\n\t\t\t\t<div class=\"elementor-widget-container\">\n\t\t\t\t\t\t\t\t\t<p>Partagez sur les r\u00e9seaux sociaux :<\/p>\t\t\t\t\t\t\t\t<\/div>\n\t\t\t\t<\/div>\n\t\t\t\t<div class=\"elementor-element elementor-element-c58a82f elementor-share-buttons--view-icon elementor-share-buttons--skin-minimal elementor-share-buttons--shape-circle elementor-grid-0 elementor-share-buttons--color-official elementor-widget elementor-widget-share-buttons\" data-id=\"c58a82f\" data-element_type=\"widget\" data-e-type=\"widget\" data-widget_type=\"share-buttons.default\">\n\t\t\t\t<div class=\"elementor-widget-container\">\n\t\t\t\t\t\t\t<div class=\"elementor-grid\" role=\"list\">\n\t\t\t\t\t\t\t\t<div class=\"elementor-grid-item\" role=\"listitem\">\n\t\t\t\t\t\t<div class=\"elementor-share-btn elementor-share-btn_facebook\" role=\"button\" tabindex=\"0\" aria-label=\"Share on facebook\">\n\t\t\t\t\t\t\t\t\t\t\t\t\t\t\t<span class=\"elementor-share-btn__icon\">\n\t\t\t\t\t\t\t\t<i class=\"fab fa-facebook\" aria-hidden=\"true\"><\/i>\t\t\t\t\t\t\t<\/span>\n\t\t\t\t\t\t\t\t\t\t\t\t\t\t\t\t\t\t\t\t<\/div>\n\t\t\t\t\t<\/div>\n\t\t\t\t\t\t\t\t\t<div class=\"elementor-grid-item\" role=\"listitem\">\n\t\t\t\t\t\t<div class=\"elementor-share-btn elementor-share-btn_twitter\" role=\"button\" tabindex=\"0\" aria-label=\"Share on twitter\">\n\t\t\t\t\t\t\t\t\t\t\t\t\t\t\t<span class=\"elementor-share-btn__icon\">\n\t\t\t\t\t\t\t\t<i class=\"fab fa-twitter\" aria-hidden=\"true\"><\/i>\t\t\t\t\t\t\t<\/span>\n\t\t\t\t\t\t\t\t\t\t\t\t\t\t\t\t\t\t\t\t<\/div>\n\t\t\t\t\t<\/div>\n\t\t\t\t\t\t\t\t\t<div class=\"elementor-grid-item\" role=\"listitem\">\n\t\t\t\t\t\t<div class=\"elementor-share-btn elementor-share-btn_linkedin\" role=\"button\" tabindex=\"0\" aria-label=\"Share on linkedin\">\n\t\t\t\t\t\t\t\t\t\t\t\t\t\t\t<span class=\"elementor-share-btn__icon\">\n\t\t\t\t\t\t\t\t<i class=\"fab fa-linkedin\" aria-hidden=\"true\"><\/i>\t\t\t\t\t\t\t<\/span>\n\t\t\t\t\t\t\t\t\t\t\t\t\t\t\t\t\t\t\t\t<\/div>\n\t\t\t\t\t<\/div>\n\t\t\t\t\t\t\t\t\t<div class=\"elementor-grid-item\" role=\"listitem\">\n\t\t\t\t\t\t<div class=\"elementor-share-btn elementor-share-btn_whatsapp\" role=\"button\" tabindex=\"0\" aria-label=\"Share on whatsapp\">\n\t\t\t\t\t\t\t\t\t\t\t\t\t\t\t<span class=\"elementor-share-btn__icon\">\n\t\t\t\t\t\t\t\t<i class=\"fab fa-whatsapp\" aria-hidden=\"true\"><\/i>\t\t\t\t\t\t\t<\/span>\n\t\t\t\t\t\t\t\t\t\t\t\t\t\t\t\t\t\t\t\t<\/div>\n\t\t\t\t\t<\/div>\n\t\t\t\t\t\t\t\t\t<div class=\"elementor-grid-item\" role=\"listitem\">\n\t\t\t\t\t\t<div class=\"elementor-share-btn elementor-share-btn_email\" role=\"button\" tabindex=\"0\" aria-label=\"Share on email\">\n\t\t\t\t\t\t\t\t\t\t\t\t\t\t\t<span class=\"elementor-share-btn__icon\">\n\t\t\t\t\t\t\t\t<i class=\"fas fa-envelope\" aria-hidden=\"true\"><\/i>\t\t\t\t\t\t\t<\/span>\n\t\t\t\t\t\t\t\t\t\t\t\t\t\t\t\t\t\t\t\t<\/div>\n\t\t\t\t\t<\/div>\n\t\t\t\t\t\t<\/div>\n\t\t\t\t\t\t<\/div>\n\t\t\t\t<\/div>\n\t\t\t\t\t<\/div>\n\t\t<\/div>\n\t\t\t\t\t<\/div>\n\t\t<\/section>\n\t\t\t\t<\/div>\n\t\t","protected":false},"excerpt":{"rendered":"<p>Et si au lieu de confinement, le mot de l&rsquo;ann\u00e9e avait \u00e9t\u00e9 empathie ? Cette comp\u00e9tence m\u00e9rite sa propre place dans l&rsquo;univers des \u00ab&nbsp;soft skills&nbsp;\u00bb et cet article explique les raisons de son utilisation et son importance dans notre vie quotidienne. Apr\u00e8s que \u00ab&nbsp;confinement&nbsp;\u00bb a \u00e9t\u00e9 proclam\u00e9 mot de l&rsquo;ann\u00e9e en Espagne par la Fund\u00e9u,&#8230;<\/p>\n","protected":false},"author":2,"featured_media":1517,"comment_status":"open","ping_status":"open","sticky":false,"template":"","format":"standard","meta":{"footnotes":""},"categories":[105],"tags":[],"class_list":["post-3201","post","type-post","status-publish","format-standard","has-post-thumbnail","hentry","category-training-fr"],"yoast_head":"<!-- This site is optimized with the Yoast SEO Premium plugin v26.9 (Yoast SEO v27.0) - https:\/\/yoast.com\/product\/yoast-seo-premium-wordpress\/ -->\n<title>LA FORCE DE L&#039;EMPATHIE | Talent In People<\/title>\n<meta name=\"robots\" content=\"index, follow, max-snippet:-1, max-image-preview:large, max-video-preview:-1\" \/>\n<link rel=\"canonical\" href=\"https:\/\/talentinpeople.com\/el-poder-de-la-empatia\/\" \/>\n<meta property=\"og:locale\" content=\"fr_FR\" \/>\n<meta property=\"og:type\" content=\"article\" \/>\n<meta property=\"og:title\" content=\"LA FORCE DE L&#039;EMPATHIE\" \/>\n<meta property=\"og:description\" content=\"Et si au lieu de confinement, le mot de l&rsquo;ann\u00e9e avait \u00e9t\u00e9 empathie ? Cette comp\u00e9tence m\u00e9rite sa propre place dans l&rsquo;univers des \u00ab&nbsp;soft skills&nbsp;\u00bb et cet article explique les raisons de son utilisation et son importance dans notre vie quotidienne. Apr\u00e8s que \u00ab&nbsp;confinement&nbsp;\u00bb a \u00e9t\u00e9 proclam\u00e9 mot de l&rsquo;ann\u00e9e en Espagne par la Fund\u00e9u,...\" \/>\n<meta property=\"og:url\" content=\"https:\/\/talentinpeople.com\/el-poder-de-la-empatia\/\" \/>\n<meta property=\"og:site_name\" content=\"Talent In People\" \/>\n<meta property=\"article:published_time\" content=\"2022-01-04T08:49:07+00:00\" \/>\n<meta property=\"article:modified_time\" content=\"2022-01-04T08:54:06+00:00\" \/>\n<meta property=\"og:image\" content=\"https:\/\/talentinpeople.com\/wp-content\/uploads\/2021\/03\/poder-empatia.jpg\" \/>\n\t<meta property=\"og:image:width\" content=\"1300\" \/>\n\t<meta property=\"og:image:height\" content=\"866\" \/>\n\t<meta property=\"og:image:type\" content=\"image\/jpeg\" \/>\n<meta name=\"author\" content=\"delefant\" \/>\n<meta name=\"twitter:card\" content=\"summary_large_image\" \/>\n<meta name=\"twitter:label1\" content=\"\u00c9crit par\" \/>\n\t<meta name=\"twitter:data1\" content=\"delefant\" \/>\n\t<meta name=\"twitter:label2\" content=\"Dur\u00e9e de lecture estim\u00e9e\" \/>\n\t<meta name=\"twitter:data2\" content=\"5 minutes\" \/>\n<script type=\"application\/ld+json\" class=\"yoast-schema-graph\">{\"@context\":\"https:\/\/schema.org\",\"@graph\":[{\"@type\":\"Article\",\"@id\":\"https:\/\/talentinpeople.com\/el-poder-de-la-empatia\/#article\",\"isPartOf\":{\"@id\":\"https:\/\/talentinpeople.com\/el-poder-de-la-empatia\/\"},\"author\":{\"name\":\"delefant\",\"@id\":\"https:\/\/talentinpeople.com\/#\/schema\/person\/bf3d69623f435a470d4c00a1b1d8781b\"},\"headline\":\"LA FORCE DE L&rsquo;EMPATHIE\",\"datePublished\":\"2022-01-04T08:49:07+00:00\",\"dateModified\":\"2022-01-04T08:54:06+00:00\",\"mainEntityOfPage\":{\"@id\":\"https:\/\/talentinpeople.com\/el-poder-de-la-empatia\/\"},\"wordCount\":1036,\"commentCount\":0,\"image\":{\"@id\":\"https:\/\/talentinpeople.com\/el-poder-de-la-empatia\/#primaryimage\"},\"thumbnailUrl\":\"https:\/\/talentinpeople.com\/wp-content\/uploads\/2021\/03\/poder-empatia.jpg\",\"articleSection\":[\"Training\"],\"inLanguage\":\"fr-FR\",\"potentialAction\":[{\"@type\":\"CommentAction\",\"name\":\"Comment\",\"target\":[\"https:\/\/talentinpeople.com\/el-poder-de-la-empatia\/#respond\"]}]},{\"@type\":\"WebPage\",\"@id\":\"https:\/\/talentinpeople.com\/el-poder-de-la-empatia\/\",\"url\":\"https:\/\/talentinpeople.com\/el-poder-de-la-empatia\/\",\"name\":\"LA FORCE DE L'EMPATHIE | Talent In People\",\"isPartOf\":{\"@id\":\"https:\/\/talentinpeople.com\/#website\"},\"primaryImageOfPage\":{\"@id\":\"https:\/\/talentinpeople.com\/el-poder-de-la-empatia\/#primaryimage\"},\"image\":{\"@id\":\"https:\/\/talentinpeople.com\/el-poder-de-la-empatia\/#primaryimage\"},\"thumbnailUrl\":\"https:\/\/talentinpeople.com\/wp-content\/uploads\/2021\/03\/poder-empatia.jpg\",\"datePublished\":\"2022-01-04T08:49:07+00:00\",\"dateModified\":\"2022-01-04T08:54:06+00:00\",\"author\":{\"@id\":\"https:\/\/talentinpeople.com\/#\/schema\/person\/bf3d69623f435a470d4c00a1b1d8781b\"},\"breadcrumb\":{\"@id\":\"https:\/\/talentinpeople.com\/el-poder-de-la-empatia\/#breadcrumb\"},\"inLanguage\":\"fr-FR\",\"potentialAction\":[{\"@type\":\"ReadAction\",\"target\":[\"https:\/\/talentinpeople.com\/el-poder-de-la-empatia\/\"]}]},{\"@type\":\"ImageObject\",\"inLanguage\":\"fr-FR\",\"@id\":\"https:\/\/talentinpeople.com\/el-poder-de-la-empatia\/#primaryimage\",\"url\":\"https:\/\/talentinpeople.com\/wp-content\/uploads\/2021\/03\/poder-empatia.jpg\",\"contentUrl\":\"https:\/\/talentinpeople.com\/wp-content\/uploads\/2021\/03\/poder-empatia.jpg\",\"width\":1300,\"height\":866},{\"@type\":\"BreadcrumbList\",\"@id\":\"https:\/\/talentinpeople.com\/el-poder-de-la-empatia\/#breadcrumb\",\"itemListElement\":[{\"@type\":\"ListItem\",\"position\":1,\"name\":\"Home\",\"item\":\"https:\/\/talentinpeople.com\/fr\/\"},{\"@type\":\"ListItem\",\"position\":2,\"name\":\"LA FORCE DE L&#8217;EMPATHIE\"}]},{\"@type\":\"WebSite\",\"@id\":\"https:\/\/talentinpeople.com\/#website\",\"url\":\"https:\/\/talentinpeople.com\/\",\"name\":\"Talent In People\",\"description\":\"Es tu momento, consigue objetivos.\",\"potentialAction\":[{\"@type\":\"SearchAction\",\"target\":{\"@type\":\"EntryPoint\",\"urlTemplate\":\"https:\/\/talentinpeople.com\/?s={search_term_string}\"},\"query-input\":{\"@type\":\"PropertyValueSpecification\",\"valueRequired\":true,\"valueName\":\"search_term_string\"}}],\"inLanguage\":\"fr-FR\"},{\"@type\":\"Person\",\"@id\":\"https:\/\/talentinpeople.com\/#\/schema\/person\/bf3d69623f435a470d4c00a1b1d8781b\",\"name\":\"delefant\",\"image\":{\"@type\":\"ImageObject\",\"inLanguage\":\"fr-FR\",\"@id\":\"https:\/\/talentinpeople.com\/#\/schema\/person\/image\/\",\"url\":\"https:\/\/secure.gravatar.com\/avatar\/58fffb6552534b913aa6c715b8b44b6c4c5215057772e066f63173492f8b09f9?s=96&d=mm&r=g\",\"contentUrl\":\"https:\/\/secure.gravatar.com\/avatar\/58fffb6552534b913aa6c715b8b44b6c4c5215057772e066f63173492f8b09f9?s=96&d=mm&r=g\",\"caption\":\"delefant\"},\"url\":\"https:\/\/talentinpeople.com\/fr\/author\/delefant\/\"}]}<\/script>\n<!-- \/ Yoast SEO Premium plugin. -->","yoast_head_json":{"title":"LA FORCE DE L'EMPATHIE | Talent In People","robots":{"index":"index","follow":"follow","max-snippet":"max-snippet:-1","max-image-preview":"max-image-preview:large","max-video-preview":"max-video-preview:-1"},"canonical":"https:\/\/talentinpeople.com\/el-poder-de-la-empatia\/","og_locale":"fr_FR","og_type":"article","og_title":"LA FORCE DE L'EMPATHIE","og_description":"Et si au lieu de confinement, le mot de l&rsquo;ann\u00e9e avait \u00e9t\u00e9 empathie ? Cette comp\u00e9tence m\u00e9rite sa propre place dans l&rsquo;univers des \u00ab&nbsp;soft skills&nbsp;\u00bb et cet article explique les raisons de son utilisation et son importance dans notre vie quotidienne. Apr\u00e8s que \u00ab&nbsp;confinement&nbsp;\u00bb a \u00e9t\u00e9 proclam\u00e9 mot de l&rsquo;ann\u00e9e en Espagne par la Fund\u00e9u,...","og_url":"https:\/\/talentinpeople.com\/el-poder-de-la-empatia\/","og_site_name":"Talent In People","article_published_time":"2022-01-04T08:49:07+00:00","article_modified_time":"2022-01-04T08:54:06+00:00","og_image":[{"width":1300,"height":866,"url":"https:\/\/talentinpeople.com\/wp-content\/uploads\/2021\/03\/poder-empatia.jpg","type":"image\/jpeg"}],"author":"delefant","twitter_card":"summary_large_image","twitter_misc":{"\u00c9crit par":"delefant","Dur\u00e9e de lecture estim\u00e9e":"5 minutes"},"schema":{"@context":"https:\/\/schema.org","@graph":[{"@type":"Article","@id":"https:\/\/talentinpeople.com\/el-poder-de-la-empatia\/#article","isPartOf":{"@id":"https:\/\/talentinpeople.com\/el-poder-de-la-empatia\/"},"author":{"name":"delefant","@id":"https:\/\/talentinpeople.com\/#\/schema\/person\/bf3d69623f435a470d4c00a1b1d8781b"},"headline":"LA FORCE DE L&rsquo;EMPATHIE","datePublished":"2022-01-04T08:49:07+00:00","dateModified":"2022-01-04T08:54:06+00:00","mainEntityOfPage":{"@id":"https:\/\/talentinpeople.com\/el-poder-de-la-empatia\/"},"wordCount":1036,"commentCount":0,"image":{"@id":"https:\/\/talentinpeople.com\/el-poder-de-la-empatia\/#primaryimage"},"thumbnailUrl":"https:\/\/talentinpeople.com\/wp-content\/uploads\/2021\/03\/poder-empatia.jpg","articleSection":["Training"],"inLanguage":"fr-FR","potentialAction":[{"@type":"CommentAction","name":"Comment","target":["https:\/\/talentinpeople.com\/el-poder-de-la-empatia\/#respond"]}]},{"@type":"WebPage","@id":"https:\/\/talentinpeople.com\/el-poder-de-la-empatia\/","url":"https:\/\/talentinpeople.com\/el-poder-de-la-empatia\/","name":"LA FORCE DE L'EMPATHIE | Talent In People","isPartOf":{"@id":"https:\/\/talentinpeople.com\/#website"},"primaryImageOfPage":{"@id":"https:\/\/talentinpeople.com\/el-poder-de-la-empatia\/#primaryimage"},"image":{"@id":"https:\/\/talentinpeople.com\/el-poder-de-la-empatia\/#primaryimage"},"thumbnailUrl":"https:\/\/talentinpeople.com\/wp-content\/uploads\/2021\/03\/poder-empatia.jpg","datePublished":"2022-01-04T08:49:07+00:00","dateModified":"2022-01-04T08:54:06+00:00","author":{"@id":"https:\/\/talentinpeople.com\/#\/schema\/person\/bf3d69623f435a470d4c00a1b1d8781b"},"breadcrumb":{"@id":"https:\/\/talentinpeople.com\/el-poder-de-la-empatia\/#breadcrumb"},"inLanguage":"fr-FR","potentialAction":[{"@type":"ReadAction","target":["https:\/\/talentinpeople.com\/el-poder-de-la-empatia\/"]}]},{"@type":"ImageObject","inLanguage":"fr-FR","@id":"https:\/\/talentinpeople.com\/el-poder-de-la-empatia\/#primaryimage","url":"https:\/\/talentinpeople.com\/wp-content\/uploads\/2021\/03\/poder-empatia.jpg","contentUrl":"https:\/\/talentinpeople.com\/wp-content\/uploads\/2021\/03\/poder-empatia.jpg","width":1300,"height":866},{"@type":"BreadcrumbList","@id":"https:\/\/talentinpeople.com\/el-poder-de-la-empatia\/#breadcrumb","itemListElement":[{"@type":"ListItem","position":1,"name":"Home","item":"https:\/\/talentinpeople.com\/fr\/"},{"@type":"ListItem","position":2,"name":"LA FORCE DE L&#8217;EMPATHIE"}]},{"@type":"WebSite","@id":"https:\/\/talentinpeople.com\/#website","url":"https:\/\/talentinpeople.com\/","name":"Talent In People","description":"Es tu momento, consigue objetivos.","potentialAction":[{"@type":"SearchAction","target":{"@type":"EntryPoint","urlTemplate":"https:\/\/talentinpeople.com\/?s={search_term_string}"},"query-input":{"@type":"PropertyValueSpecification","valueRequired":true,"valueName":"search_term_string"}}],"inLanguage":"fr-FR"},{"@type":"Person","@id":"https:\/\/talentinpeople.com\/#\/schema\/person\/bf3d69623f435a470d4c00a1b1d8781b","name":"delefant","image":{"@type":"ImageObject","inLanguage":"fr-FR","@id":"https:\/\/talentinpeople.com\/#\/schema\/person\/image\/","url":"https:\/\/secure.gravatar.com\/avatar\/58fffb6552534b913aa6c715b8b44b6c4c5215057772e066f63173492f8b09f9?s=96&d=mm&r=g","contentUrl":"https:\/\/secure.gravatar.com\/avatar\/58fffb6552534b913aa6c715b8b44b6c4c5215057772e066f63173492f8b09f9?s=96&d=mm&r=g","caption":"delefant"},"url":"https:\/\/talentinpeople.com\/fr\/author\/delefant\/"}]}},"_links":{"self":[{"href":"https:\/\/talentinpeople.com\/fr\/wp-json\/wp\/v2\/posts\/3201","targetHints":{"allow":["GET"]}}],"collection":[{"href":"https:\/\/talentinpeople.com\/fr\/wp-json\/wp\/v2\/posts"}],"about":[{"href":"https:\/\/talentinpeople.com\/fr\/wp-json\/wp\/v2\/types\/post"}],"author":[{"embeddable":true,"href":"https:\/\/talentinpeople.com\/fr\/wp-json\/wp\/v2\/users\/2"}],"replies":[{"embeddable":true,"href":"https:\/\/talentinpeople.com\/fr\/wp-json\/wp\/v2\/comments?post=3201"}],"version-history":[{"count":5,"href":"https:\/\/talentinpeople.com\/fr\/wp-json\/wp\/v2\/posts\/3201\/revisions"}],"predecessor-version":[{"id":3210,"href":"https:\/\/talentinpeople.com\/fr\/wp-json\/wp\/v2\/posts\/3201\/revisions\/3210"}],"wp:featuredmedia":[{"embeddable":true,"href":"https:\/\/talentinpeople.com\/fr\/wp-json\/wp\/v2\/media\/1517"}],"wp:attachment":[{"href":"https:\/\/talentinpeople.com\/fr\/wp-json\/wp\/v2\/media?parent=3201"}],"wp:term":[{"taxonomy":"category","embeddable":true,"href":"https:\/\/talentinpeople.com\/fr\/wp-json\/wp\/v2\/categories?post=3201"},{"taxonomy":"post_tag","embeddable":true,"href":"https:\/\/talentinpeople.com\/fr\/wp-json\/wp\/v2\/tags?post=3201"}],"curies":[{"name":"wp","href":"https:\/\/api.w.org\/{rel}","templated":true}]}}