{"id":3213,"date":"2022-01-04T09:56:21","date_gmt":"2022-01-04T08:56:21","guid":{"rendered":"https:\/\/talentinpeople.com\/la-valeur-de-la-distance\/"},"modified":"2022-01-04T09:59:24","modified_gmt":"2022-01-04T08:59:24","slug":"la-valeur-de-la-distance","status":"publish","type":"post","link":"https:\/\/talentinpeople.com\/fr\/la-valeur-de-la-distance\/","title":{"rendered":"LA VALEUR DE LA DISTANCE"},"content":{"rendered":"\t\t<div data-elementor-type=\"wp-post\" data-elementor-id=\"3213\" class=\"elementor elementor-3213 elementor-1609\" data-elementor-settings=\"{&quot;element_pack_global_tooltip_width&quot;:{&quot;unit&quot;:&quot;px&quot;,&quot;size&quot;:&quot;&quot;,&quot;sizes&quot;:[]},&quot;element_pack_global_tooltip_width_tablet&quot;:{&quot;unit&quot;:&quot;px&quot;,&quot;size&quot;:&quot;&quot;,&quot;sizes&quot;:[]},&quot;element_pack_global_tooltip_width_mobile&quot;:{&quot;unit&quot;:&quot;px&quot;,&quot;size&quot;:&quot;&quot;,&quot;sizes&quot;:[]},&quot;element_pack_global_tooltip_padding&quot;:{&quot;unit&quot;:&quot;px&quot;,&quot;top&quot;:&quot;&quot;,&quot;right&quot;:&quot;&quot;,&quot;bottom&quot;:&quot;&quot;,&quot;left&quot;:&quot;&quot;,&quot;isLinked&quot;:true},&quot;element_pack_global_tooltip_padding_tablet&quot;:{&quot;unit&quot;:&quot;px&quot;,&quot;top&quot;:&quot;&quot;,&quot;right&quot;:&quot;&quot;,&quot;bottom&quot;:&quot;&quot;,&quot;left&quot;:&quot;&quot;,&quot;isLinked&quot;:true},&quot;element_pack_global_tooltip_padding_mobile&quot;:{&quot;unit&quot;:&quot;px&quot;,&quot;top&quot;:&quot;&quot;,&quot;right&quot;:&quot;&quot;,&quot;bottom&quot;:&quot;&quot;,&quot;left&quot;:&quot;&quot;,&quot;isLinked&quot;:true},&quot;element_pack_global_tooltip_border_radius&quot;:{&quot;unit&quot;:&quot;px&quot;,&quot;top&quot;:&quot;&quot;,&quot;right&quot;:&quot;&quot;,&quot;bottom&quot;:&quot;&quot;,&quot;left&quot;:&quot;&quot;,&quot;isLinked&quot;:true},&quot;element_pack_global_tooltip_border_radius_tablet&quot;:{&quot;unit&quot;:&quot;px&quot;,&quot;top&quot;:&quot;&quot;,&quot;right&quot;:&quot;&quot;,&quot;bottom&quot;:&quot;&quot;,&quot;left&quot;:&quot;&quot;,&quot;isLinked&quot;:true},&quot;element_pack_global_tooltip_border_radius_mobile&quot;:{&quot;unit&quot;:&quot;px&quot;,&quot;top&quot;:&quot;&quot;,&quot;right&quot;:&quot;&quot;,&quot;bottom&quot;:&quot;&quot;,&quot;left&quot;:&quot;&quot;,&quot;isLinked&quot;:true}}\" data-elementor-post-type=\"post\">\n\t\t\t\t\t\t<section class=\"elementor-section elementor-top-section elementor-element elementor-element-9452f1a elementor-section-boxed elementor-section-height-default elementor-section-height-default\" data-id=\"9452f1a\" data-element_type=\"section\" data-e-type=\"section\">\n\t\t\t\t\t\t<div class=\"elementor-container elementor-column-gap-default\">\n\t\t\t\t\t<div class=\"elementor-column elementor-col-100 elementor-top-column elementor-element elementor-element-2a0a7abc\" data-id=\"2a0a7abc\" data-element_type=\"column\" data-e-type=\"column\">\n\t\t\t<div class=\"elementor-widget-wrap elementor-element-populated\">\n\t\t\t\t\t\t<div class=\"elementor-element elementor-element-7056604b elementor-widget elementor-widget-text-editor\" data-id=\"7056604b\" data-element_type=\"widget\" data-e-type=\"widget\" data-widget_type=\"text-editor.default\">\n\t\t\t\t<div class=\"elementor-widget-container\">\n\t\t\t\t\t\t\t\t\t<p><strong>La communication non verbale offre aux aidants de nombreuses ressources pour entrer en contact avec les personnes dont ils s\u2019occupent. Dans cet article, Frederic Charrier, intervenant lors d&rsquo;une Masterclass du programme UNIR \u00ab\u00a0Super aidants\u00a0\u00bb consacr\u00e9e \u00e0 ce sujet, nous propose quelques id\u00e9es sur l&rsquo;un des aspects les moins connus de cette modalit\u00e9 de communication.<\/strong><\/p><p>Pour beaucoup de gens, la communication non verbale \u00e9voque g\u00e9n\u00e9ralement une s\u00e9rie de gestes et d&rsquo;expressions corporelles qui nous permettent d&rsquo;\u00e9changer des messages avec les autres. En r\u00e9alit\u00e9, ce type de langage va au-del\u00e0 des mouvements du corps : un regard, un sourire, le ton ou le volume de notre voix sont autant d\u2019aspects que nous pouvons moduler et qui font partie de notre capacit\u00e9 \u00e0 nous exprimer de mani\u00e8re non verbale.<\/p><p>Dans cet ensemble de ressources \u00e0 notre disposition, il existe un aspect moins connu pourtant particuli\u00e8rement important en termes de communication : la <strong>prox\u00e9mique<\/strong>. Ce mot fait r\u00e9f\u00e9rence \u00e0 l&rsquo;utilisation que chacun d&rsquo;entre nous fait de l&rsquo;espace entourant son corps dans ses processus de communication, c&rsquo;est-\u00e0-dire la distance que nous maintenons avec notre interlocuteur, et la pr\u00e9sence ou l&rsquo;absence de contact physique entre nous deux.<\/p><p>La prox\u00e9mique consid\u00e8re diff\u00e9rents degr\u00e9s de distance dans une interaction entre deux personnes, les plus proches \u00e9tant la <strong>distance intime<\/strong> (\u00e0 moins de 45 cm) et la <strong>distance personnelle<\/strong> (entre 45 et 120 cm).<\/p><p>Prenons un exemple d&rsquo;une situation tr\u00e8s fr\u00e9quente impliquant ce concept : nous sommes assis dans un wagon de m\u00e9tro, \u00e0 l&rsquo;une des extr\u00e9mit\u00e9s d&rsquo;une rang\u00e9e de trois si\u00e8ges, et les deux autres sont \u00e9galement occup\u00e9s. Soudain, le passager \u00e0 l&rsquo;autre bout se l\u00e8ve, puis la personne assise \u00e0 c\u00f4t\u00e9 de nous s&rsquo;installe sur le si\u00e8ge qui vient d&rsquo;\u00eatre lib\u00e9r\u00e9.<\/p><p>Quelle est la premi\u00e8re pens\u00e9e qui nous vient \u00e0 l&rsquo;esprit ? Certains d&rsquo;entre nous se sentiront plus \u00e0 l&rsquo;aise de ne pas avoir quelqu&rsquo;un d&rsquo;aussi proche d&rsquo;eux, la distance \u00e9tant pass\u00e9e d&rsquo;intime \u00e0 personnelle. Les autres ne comprendront pas le besoin de bouger de l&rsquo;autre personne. D&rsquo;autres encore peuvent m\u00eame se demander si quelque chose en nous ne met pas cette personne mal \u00e0 l&rsquo;aise.<\/p><p>De la m\u00eame mani\u00e8re, nous trouverons diff\u00e9rentes raisons qui peuvent expliquer pourquoi l&rsquo;autre personne a chang\u00e9 de si\u00e8ge, comme le d\u00e9sir d&rsquo;\u00eatre plus tranquille ou de respecter une plus grande distance de s\u00e9curit\u00e9 en p\u00e9riode de Covid.<\/p><p>Si la prox\u00e9mique influence les messages, conscients ou inconscients, donn\u00e9s et re\u00e7us par deux personnes qui ne se connaissent pas, nous pouvons imaginer son impact lorsque nous communiquons avec quelqu&rsquo;un de mani\u00e8re volontaire.<\/p><p>L&rsquo;une des caract\u00e9ristiques du travail des aidants est qu&rsquo;il implique d&rsquo;\u00eatre physiquement tr\u00e8s proche des personnes dont ils s&rsquo;occupent, dans leur espace personnel, voire intime. Si nous exer\u00e7ons cette profession, nous sommes s\u00fbrement habitu\u00e9s \u00e0 cette r\u00e9alit\u00e9 et l&rsquo;avons int\u00e9gr\u00e9e dans notre vie quotidienne. Cependant, ne nous sommes-nous jamais demand\u00e9 quelle pouvait \u00eatre la perception de l&rsquo;autre personne ?<\/p><p>La r\u00e9ponse \u00e0 cette question d\u00e9pend de nombreux facteurs, non seulement personnels, mais aussi culturels, \u00e9ducatifs, d&rsquo;\u00e2ge ou de sexe. La question devient encore plus sensible si nous nous pla\u00e7ons au premier jour, dans les premi\u00e8res interactions que nous aurons avec une personne que nous allons aider \u00e0 son domicile. Imaginez, par exemple, quelle serait notre r\u00e9action si une personne qui n&rsquo;est ni un parent ni un ami faisait irruption dans notre espace de vie et restait \u00e0 une courte distance de nous tout au long de la journ\u00e9e.<\/p><p>Bien s\u00fbr, notre objectif est de soigner, d&rsquo;accompagner, d&rsquo;offrir une pr\u00e9sence, une proximit\u00e9 et une chaleur humaine, mais comme dans tout processus de communication, ce qui compte, au-del\u00e0 de l&rsquo;intention, c&rsquo;est ce que notre interlocuteur per\u00e7oit. Pour cette raison, et afin de faire preuve d&#8217;empathie envers les personnes dont nous nous occupons, nous pouvons appliquer <strong>quelques principes \u00e9l\u00e9mentaires<\/strong> :<\/p><ul><li>\u00catre conscient de l&rsquo;importance de la distance, notamment au moment d\u2019\u00e9tablir un premier contact, en \u00e9vitant par exemple les gestes brusques ou une attitude personnelle envahissante.<\/li><li>Verbaliser ce que nous sommes sur le point de faire chaque fois que nous nous approchons de tr\u00e8s pr\u00e8s et que nous entrons dans leur espace intime.<\/li><li>Savoir moduler la distance dans nos interactions, en fonction du moment ou de l&rsquo;intention que nous voulons transmettre \u00e0 la personne dont nous nous occupons.<\/li><li>Faire preuve d&rsquo;humour dans les moments o\u00f9 une distance intime est obligatoire, comme lors du toilettage ou de certains soins.<\/li><li>V\u00e9rifier de temps en temps que la personne est \u00e0 l&rsquo;aise, en posant des questions ou en pr\u00eatant attention \u00e0 son langage non verbal si elle a du mal \u00e0 s&rsquo;exprimer.<\/li><\/ul><p>En bref, chaque fois que nous nous trouvons \u00e0 une distance personnelle ou intime des personnes dont nous nous occupons, nous voulons qu&rsquo;elles per\u00e7oivent ce que nous leur disons sans mots : je me soucie de vous, vous pouvez compter sur moi, je suis l\u00e0 pour vous aider.<\/p><p>Il s&rsquo;agit d&rsquo;une \u00e9tape fondamentale dans l&rsquo;\u00e9tablissement d&rsquo;une relation de <strong>confiance r\u00e9ciproque<\/strong>, notamment dans les situations o\u00f9 les personnes peuvent se sentir plus vuln\u00e9rables.<\/p><p>\u00c0 une \u00e9poque o\u00f9 l&rsquo;on nous demande de maintenir une certaine distance dans nos interactions sociales, le travail des aidants devient plus compliqu\u00e9 mais aussi plus n\u00e9cessaire que jamais pour nous rappeler l&rsquo;importance de la proximit\u00e9 et du contact humain.<\/p>\t\t\t\t\t\t\t\t<\/div>\n\t\t\t\t<\/div>\n\t\t\t\t<div class=\"elementor-element elementor-element-8433dbd elementor-widget elementor-widget-text-editor\" data-id=\"8433dbd\" data-element_type=\"widget\" data-e-type=\"widget\" data-widget_type=\"text-editor.default\">\n\t\t\t\t<div class=\"elementor-widget-container\">\n\t\t\t\t\t\t\t\t\t<p>Partagez sur les r\u00e9seaux sociaux :<\/p>\t\t\t\t\t\t\t\t<\/div>\n\t\t\t\t<\/div>\n\t\t\t\t<div class=\"elementor-element elementor-element-755b39c elementor-share-buttons--view-icon elementor-share-buttons--skin-minimal elementor-share-buttons--shape-circle elementor-grid-0 elementor-share-buttons--color-official elementor-widget elementor-widget-share-buttons\" data-id=\"755b39c\" data-element_type=\"widget\" data-e-type=\"widget\" data-widget_type=\"share-buttons.default\">\n\t\t\t\t<div class=\"elementor-widget-container\">\n\t\t\t\t\t\t\t<div class=\"elementor-grid\" role=\"list\">\n\t\t\t\t\t\t\t\t<div class=\"elementor-grid-item\" role=\"listitem\">\n\t\t\t\t\t\t<div class=\"elementor-share-btn elementor-share-btn_facebook\" role=\"button\" tabindex=\"0\" aria-label=\"Share on facebook\">\n\t\t\t\t\t\t\t\t\t\t\t\t\t\t\t<span class=\"elementor-share-btn__icon\">\n\t\t\t\t\t\t\t\t<i class=\"fab fa-facebook\" aria-hidden=\"true\"><\/i>\t\t\t\t\t\t\t<\/span>\n\t\t\t\t\t\t\t\t\t\t\t\t\t\t\t\t\t\t\t\t<\/div>\n\t\t\t\t\t<\/div>\n\t\t\t\t\t\t\t\t\t<div class=\"elementor-grid-item\" role=\"listitem\">\n\t\t\t\t\t\t<div class=\"elementor-share-btn elementor-share-btn_twitter\" role=\"button\" tabindex=\"0\" aria-label=\"Share on twitter\">\n\t\t\t\t\t\t\t\t\t\t\t\t\t\t\t<span class=\"elementor-share-btn__icon\">\n\t\t\t\t\t\t\t\t<i class=\"fab fa-twitter\" aria-hidden=\"true\"><\/i>\t\t\t\t\t\t\t<\/span>\n\t\t\t\t\t\t\t\t\t\t\t\t\t\t\t\t\t\t\t\t<\/div>\n\t\t\t\t\t<\/div>\n\t\t\t\t\t\t\t\t\t<div class=\"elementor-grid-item\" role=\"listitem\">\n\t\t\t\t\t\t<div class=\"elementor-share-btn elementor-share-btn_linkedin\" role=\"button\" tabindex=\"0\" aria-label=\"Share on linkedin\">\n\t\t\t\t\t\t\t\t\t\t\t\t\t\t\t<span class=\"elementor-share-btn__icon\">\n\t\t\t\t\t\t\t\t<i class=\"fab fa-linkedin\" aria-hidden=\"true\"><\/i>\t\t\t\t\t\t\t<\/span>\n\t\t\t\t\t\t\t\t\t\t\t\t\t\t\t\t\t\t\t\t<\/div>\n\t\t\t\t\t<\/div>\n\t\t\t\t\t\t\t\t\t<div class=\"elementor-grid-item\" role=\"listitem\">\n\t\t\t\t\t\t<div class=\"elementor-share-btn elementor-share-btn_whatsapp\" role=\"button\" tabindex=\"0\" aria-label=\"Share on whatsapp\">\n\t\t\t\t\t\t\t\t\t\t\t\t\t\t\t<span class=\"elementor-share-btn__icon\">\n\t\t\t\t\t\t\t\t<i class=\"fab fa-whatsapp\" aria-hidden=\"true\"><\/i>\t\t\t\t\t\t\t<\/span>\n\t\t\t\t\t\t\t\t\t\t\t\t\t\t\t\t\t\t\t\t<\/div>\n\t\t\t\t\t<\/div>\n\t\t\t\t\t\t\t\t\t<div class=\"elementor-grid-item\" role=\"listitem\">\n\t\t\t\t\t\t<div class=\"elementor-share-btn elementor-share-btn_email\" role=\"button\" tabindex=\"0\" aria-label=\"Share on email\">\n\t\t\t\t\t\t\t\t\t\t\t\t\t\t\t<span class=\"elementor-share-btn__icon\">\n\t\t\t\t\t\t\t\t<i class=\"fas fa-envelope\" aria-hidden=\"true\"><\/i>\t\t\t\t\t\t\t<\/span>\n\t\t\t\t\t\t\t\t\t\t\t\t\t\t\t\t\t\t\t\t<\/div>\n\t\t\t\t\t<\/div>\n\t\t\t\t\t\t<\/div>\n\t\t\t\t\t\t<\/div>\n\t\t\t\t<\/div>\n\t\t\t\t\t<\/div>\n\t\t<\/div>\n\t\t\t\t\t<\/div>\n\t\t<\/section>\n\t\t\t\t<\/div>\n\t\t","protected":false},"excerpt":{"rendered":"<p>La communication non verbale offre aux aidants de nombreuses ressources pour entrer en contact avec les personnes dont ils s\u2019occupent. Dans cet article, Frederic Charrier, intervenant lors d&rsquo;une Masterclass du programme UNIR \u00ab\u00a0Super aidants\u00a0\u00bb consacr\u00e9e \u00e0 ce sujet, nous propose quelques id\u00e9es sur l&rsquo;un des aspects les moins connus de cette modalit\u00e9 de communication. Pour&#8230;<\/p>\n","protected":false},"author":2,"featured_media":1616,"comment_status":"open","ping_status":"open","sticky":false,"template":"","format":"standard","meta":{"footnotes":""},"categories":[105],"tags":[],"class_list":["post-3213","post","type-post","status-publish","format-standard","has-post-thumbnail","hentry","category-training-fr"],"yoast_head":"<!-- This site is optimized with the Yoast SEO Premium plugin v26.9 (Yoast SEO v27.0) - https:\/\/yoast.com\/product\/yoast-seo-premium-wordpress\/ -->\n<title>LA VALEUR DE LA DISTANCE | Talent In People<\/title>\n<meta name=\"robots\" content=\"index, follow, max-snippet:-1, max-image-preview:large, max-video-preview:-1\" \/>\n<link rel=\"canonical\" href=\"https:\/\/talentinpeople.com\/el-valor-de-la-distancia\/\" \/>\n<meta property=\"og:locale\" content=\"fr_FR\" \/>\n<meta property=\"og:type\" content=\"article\" \/>\n<meta property=\"og:title\" content=\"LA VALEUR DE LA DISTANCE\" \/>\n<meta property=\"og:description\" content=\"La communication non verbale offre aux aidants de nombreuses ressources pour entrer en contact avec les personnes dont ils s\u2019occupent. Dans cet article, Frederic Charrier, intervenant lors d&rsquo;une Masterclass du programme UNIR \u00ab\u00a0Super aidants\u00a0\u00bb consacr\u00e9e \u00e0 ce sujet, nous propose quelques id\u00e9es sur l&rsquo;un des aspects les moins connus de cette modalit\u00e9 de communication. Pour...\" \/>\n<meta property=\"og:url\" content=\"https:\/\/talentinpeople.com\/el-valor-de-la-distancia\/\" \/>\n<meta property=\"og:site_name\" content=\"Talent In People\" \/>\n<meta property=\"article:published_time\" content=\"2022-01-04T08:56:21+00:00\" \/>\n<meta property=\"article:modified_time\" content=\"2022-01-04T08:59:24+00:00\" \/>\n<meta property=\"og:image\" content=\"https:\/\/talentinpeople.com\/wp-content\/uploads\/2021\/03\/saludos-e1553893552878.jpg\" \/>\n\t<meta property=\"og:image:width\" content=\"800\" \/>\n\t<meta property=\"og:image:height\" content=\"400\" \/>\n\t<meta property=\"og:image:type\" content=\"image\/jpeg\" \/>\n<meta name=\"author\" content=\"delefant\" \/>\n<meta name=\"twitter:card\" content=\"summary_large_image\" \/>\n<meta name=\"twitter:label1\" content=\"\u00c9crit par\" \/>\n\t<meta name=\"twitter:data1\" content=\"delefant\" \/>\n\t<meta name=\"twitter:label2\" content=\"Dur\u00e9e de lecture estim\u00e9e\" \/>\n\t<meta name=\"twitter:data2\" content=\"5 minutes\" \/>\n<script type=\"application\/ld+json\" class=\"yoast-schema-graph\">{\"@context\":\"https:\/\/schema.org\",\"@graph\":[{\"@type\":\"Article\",\"@id\":\"https:\/\/talentinpeople.com\/el-valor-de-la-distancia\/#article\",\"isPartOf\":{\"@id\":\"https:\/\/talentinpeople.com\/el-valor-de-la-distancia\/\"},\"author\":{\"name\":\"delefant\",\"@id\":\"https:\/\/talentinpeople.com\/#\/schema\/person\/bf3d69623f435a470d4c00a1b1d8781b\"},\"headline\":\"LA VALEUR DE LA DISTANCE\",\"datePublished\":\"2022-01-04T08:56:21+00:00\",\"dateModified\":\"2022-01-04T08:59:24+00:00\",\"mainEntityOfPage\":{\"@id\":\"https:\/\/talentinpeople.com\/el-valor-de-la-distancia\/\"},\"wordCount\":987,\"commentCount\":0,\"image\":{\"@id\":\"https:\/\/talentinpeople.com\/el-valor-de-la-distancia\/#primaryimage\"},\"thumbnailUrl\":\"https:\/\/talentinpeople.com\/wp-content\/uploads\/2021\/03\/saludos-e1553893552878.jpg\",\"articleSection\":[\"Training\"],\"inLanguage\":\"fr-FR\",\"potentialAction\":[{\"@type\":\"CommentAction\",\"name\":\"Comment\",\"target\":[\"https:\/\/talentinpeople.com\/el-valor-de-la-distancia\/#respond\"]}]},{\"@type\":\"WebPage\",\"@id\":\"https:\/\/talentinpeople.com\/el-valor-de-la-distancia\/\",\"url\":\"https:\/\/talentinpeople.com\/el-valor-de-la-distancia\/\",\"name\":\"LA VALEUR DE LA DISTANCE | Talent In People\",\"isPartOf\":{\"@id\":\"https:\/\/talentinpeople.com\/#website\"},\"primaryImageOfPage\":{\"@id\":\"https:\/\/talentinpeople.com\/el-valor-de-la-distancia\/#primaryimage\"},\"image\":{\"@id\":\"https:\/\/talentinpeople.com\/el-valor-de-la-distancia\/#primaryimage\"},\"thumbnailUrl\":\"https:\/\/talentinpeople.com\/wp-content\/uploads\/2021\/03\/saludos-e1553893552878.jpg\",\"datePublished\":\"2022-01-04T08:56:21+00:00\",\"dateModified\":\"2022-01-04T08:59:24+00:00\",\"author\":{\"@id\":\"https:\/\/talentinpeople.com\/#\/schema\/person\/bf3d69623f435a470d4c00a1b1d8781b\"},\"breadcrumb\":{\"@id\":\"https:\/\/talentinpeople.com\/el-valor-de-la-distancia\/#breadcrumb\"},\"inLanguage\":\"fr-FR\",\"potentialAction\":[{\"@type\":\"ReadAction\",\"target\":[\"https:\/\/talentinpeople.com\/el-valor-de-la-distancia\/\"]}]},{\"@type\":\"ImageObject\",\"inLanguage\":\"fr-FR\",\"@id\":\"https:\/\/talentinpeople.com\/el-valor-de-la-distancia\/#primaryimage\",\"url\":\"https:\/\/talentinpeople.com\/wp-content\/uploads\/2021\/03\/saludos-e1553893552878.jpg\",\"contentUrl\":\"https:\/\/talentinpeople.com\/wp-content\/uploads\/2021\/03\/saludos-e1553893552878.jpg\",\"width\":800,\"height\":400},{\"@type\":\"BreadcrumbList\",\"@id\":\"https:\/\/talentinpeople.com\/el-valor-de-la-distancia\/#breadcrumb\",\"itemListElement\":[{\"@type\":\"ListItem\",\"position\":1,\"name\":\"Home\",\"item\":\"https:\/\/talentinpeople.com\/fr\/\"},{\"@type\":\"ListItem\",\"position\":2,\"name\":\"LA VALEUR DE LA DISTANCE\"}]},{\"@type\":\"WebSite\",\"@id\":\"https:\/\/talentinpeople.com\/#website\",\"url\":\"https:\/\/talentinpeople.com\/\",\"name\":\"Talent In People\",\"description\":\"Es tu momento, consigue objetivos.\",\"potentialAction\":[{\"@type\":\"SearchAction\",\"target\":{\"@type\":\"EntryPoint\",\"urlTemplate\":\"https:\/\/talentinpeople.com\/?s={search_term_string}\"},\"query-input\":{\"@type\":\"PropertyValueSpecification\",\"valueRequired\":true,\"valueName\":\"search_term_string\"}}],\"inLanguage\":\"fr-FR\"},{\"@type\":\"Person\",\"@id\":\"https:\/\/talentinpeople.com\/#\/schema\/person\/bf3d69623f435a470d4c00a1b1d8781b\",\"name\":\"delefant\",\"image\":{\"@type\":\"ImageObject\",\"inLanguage\":\"fr-FR\",\"@id\":\"https:\/\/talentinpeople.com\/#\/schema\/person\/image\/\",\"url\":\"https:\/\/secure.gravatar.com\/avatar\/58fffb6552534b913aa6c715b8b44b6c4c5215057772e066f63173492f8b09f9?s=96&d=mm&r=g\",\"contentUrl\":\"https:\/\/secure.gravatar.com\/avatar\/58fffb6552534b913aa6c715b8b44b6c4c5215057772e066f63173492f8b09f9?s=96&d=mm&r=g\",\"caption\":\"delefant\"},\"url\":\"https:\/\/talentinpeople.com\/fr\/author\/delefant\/\"}]}<\/script>\n<!-- \/ Yoast SEO Premium plugin. -->","yoast_head_json":{"title":"LA VALEUR DE LA DISTANCE | Talent In People","robots":{"index":"index","follow":"follow","max-snippet":"max-snippet:-1","max-image-preview":"max-image-preview:large","max-video-preview":"max-video-preview:-1"},"canonical":"https:\/\/talentinpeople.com\/el-valor-de-la-distancia\/","og_locale":"fr_FR","og_type":"article","og_title":"LA VALEUR DE LA DISTANCE","og_description":"La communication non verbale offre aux aidants de nombreuses ressources pour entrer en contact avec les personnes dont ils s\u2019occupent. Dans cet article, Frederic Charrier, intervenant lors d&rsquo;une Masterclass du programme UNIR \u00ab\u00a0Super aidants\u00a0\u00bb consacr\u00e9e \u00e0 ce sujet, nous propose quelques id\u00e9es sur l&rsquo;un des aspects les moins connus de cette modalit\u00e9 de communication. Pour...","og_url":"https:\/\/talentinpeople.com\/el-valor-de-la-distancia\/","og_site_name":"Talent In People","article_published_time":"2022-01-04T08:56:21+00:00","article_modified_time":"2022-01-04T08:59:24+00:00","og_image":[{"width":800,"height":400,"url":"https:\/\/talentinpeople.com\/wp-content\/uploads\/2021\/03\/saludos-e1553893552878.jpg","type":"image\/jpeg"}],"author":"delefant","twitter_card":"summary_large_image","twitter_misc":{"\u00c9crit par":"delefant","Dur\u00e9e de lecture estim\u00e9e":"5 minutes"},"schema":{"@context":"https:\/\/schema.org","@graph":[{"@type":"Article","@id":"https:\/\/talentinpeople.com\/el-valor-de-la-distancia\/#article","isPartOf":{"@id":"https:\/\/talentinpeople.com\/el-valor-de-la-distancia\/"},"author":{"name":"delefant","@id":"https:\/\/talentinpeople.com\/#\/schema\/person\/bf3d69623f435a470d4c00a1b1d8781b"},"headline":"LA VALEUR DE LA DISTANCE","datePublished":"2022-01-04T08:56:21+00:00","dateModified":"2022-01-04T08:59:24+00:00","mainEntityOfPage":{"@id":"https:\/\/talentinpeople.com\/el-valor-de-la-distancia\/"},"wordCount":987,"commentCount":0,"image":{"@id":"https:\/\/talentinpeople.com\/el-valor-de-la-distancia\/#primaryimage"},"thumbnailUrl":"https:\/\/talentinpeople.com\/wp-content\/uploads\/2021\/03\/saludos-e1553893552878.jpg","articleSection":["Training"],"inLanguage":"fr-FR","potentialAction":[{"@type":"CommentAction","name":"Comment","target":["https:\/\/talentinpeople.com\/el-valor-de-la-distancia\/#respond"]}]},{"@type":"WebPage","@id":"https:\/\/talentinpeople.com\/el-valor-de-la-distancia\/","url":"https:\/\/talentinpeople.com\/el-valor-de-la-distancia\/","name":"LA VALEUR DE LA DISTANCE | Talent In People","isPartOf":{"@id":"https:\/\/talentinpeople.com\/#website"},"primaryImageOfPage":{"@id":"https:\/\/talentinpeople.com\/el-valor-de-la-distancia\/#primaryimage"},"image":{"@id":"https:\/\/talentinpeople.com\/el-valor-de-la-distancia\/#primaryimage"},"thumbnailUrl":"https:\/\/talentinpeople.com\/wp-content\/uploads\/2021\/03\/saludos-e1553893552878.jpg","datePublished":"2022-01-04T08:56:21+00:00","dateModified":"2022-01-04T08:59:24+00:00","author":{"@id":"https:\/\/talentinpeople.com\/#\/schema\/person\/bf3d69623f435a470d4c00a1b1d8781b"},"breadcrumb":{"@id":"https:\/\/talentinpeople.com\/el-valor-de-la-distancia\/#breadcrumb"},"inLanguage":"fr-FR","potentialAction":[{"@type":"ReadAction","target":["https:\/\/talentinpeople.com\/el-valor-de-la-distancia\/"]}]},{"@type":"ImageObject","inLanguage":"fr-FR","@id":"https:\/\/talentinpeople.com\/el-valor-de-la-distancia\/#primaryimage","url":"https:\/\/talentinpeople.com\/wp-content\/uploads\/2021\/03\/saludos-e1553893552878.jpg","contentUrl":"https:\/\/talentinpeople.com\/wp-content\/uploads\/2021\/03\/saludos-e1553893552878.jpg","width":800,"height":400},{"@type":"BreadcrumbList","@id":"https:\/\/talentinpeople.com\/el-valor-de-la-distancia\/#breadcrumb","itemListElement":[{"@type":"ListItem","position":1,"name":"Home","item":"https:\/\/talentinpeople.com\/fr\/"},{"@type":"ListItem","position":2,"name":"LA VALEUR DE LA DISTANCE"}]},{"@type":"WebSite","@id":"https:\/\/talentinpeople.com\/#website","url":"https:\/\/talentinpeople.com\/","name":"Talent In People","description":"Es tu momento, consigue objetivos.","potentialAction":[{"@type":"SearchAction","target":{"@type":"EntryPoint","urlTemplate":"https:\/\/talentinpeople.com\/?s={search_term_string}"},"query-input":{"@type":"PropertyValueSpecification","valueRequired":true,"valueName":"search_term_string"}}],"inLanguage":"fr-FR"},{"@type":"Person","@id":"https:\/\/talentinpeople.com\/#\/schema\/person\/bf3d69623f435a470d4c00a1b1d8781b","name":"delefant","image":{"@type":"ImageObject","inLanguage":"fr-FR","@id":"https:\/\/talentinpeople.com\/#\/schema\/person\/image\/","url":"https:\/\/secure.gravatar.com\/avatar\/58fffb6552534b913aa6c715b8b44b6c4c5215057772e066f63173492f8b09f9?s=96&d=mm&r=g","contentUrl":"https:\/\/secure.gravatar.com\/avatar\/58fffb6552534b913aa6c715b8b44b6c4c5215057772e066f63173492f8b09f9?s=96&d=mm&r=g","caption":"delefant"},"url":"https:\/\/talentinpeople.com\/fr\/author\/delefant\/"}]}},"_links":{"self":[{"href":"https:\/\/talentinpeople.com\/fr\/wp-json\/wp\/v2\/posts\/3213","targetHints":{"allow":["GET"]}}],"collection":[{"href":"https:\/\/talentinpeople.com\/fr\/wp-json\/wp\/v2\/posts"}],"about":[{"href":"https:\/\/talentinpeople.com\/fr\/wp-json\/wp\/v2\/types\/post"}],"author":[{"embeddable":true,"href":"https:\/\/talentinpeople.com\/fr\/wp-json\/wp\/v2\/users\/2"}],"replies":[{"embeddable":true,"href":"https:\/\/talentinpeople.com\/fr\/wp-json\/wp\/v2\/comments?post=3213"}],"version-history":[{"count":6,"href":"https:\/\/talentinpeople.com\/fr\/wp-json\/wp\/v2\/posts\/3213\/revisions"}],"predecessor-version":[{"id":3222,"href":"https:\/\/talentinpeople.com\/fr\/wp-json\/wp\/v2\/posts\/3213\/revisions\/3222"}],"wp:featuredmedia":[{"embeddable":true,"href":"https:\/\/talentinpeople.com\/fr\/wp-json\/wp\/v2\/media\/1616"}],"wp:attachment":[{"href":"https:\/\/talentinpeople.com\/fr\/wp-json\/wp\/v2\/media?parent=3213"}],"wp:term":[{"taxonomy":"category","embeddable":true,"href":"https:\/\/talentinpeople.com\/fr\/wp-json\/wp\/v2\/categories?post=3213"},{"taxonomy":"post_tag","embeddable":true,"href":"https:\/\/talentinpeople.com\/fr\/wp-json\/wp\/v2\/tags?post=3213"}],"curies":[{"name":"wp","href":"https:\/\/api.w.org\/{rel}","templated":true}]}}